{"id":94775,"date":"2019-05-13T09:27:26","date_gmt":"2019-05-13T12:27:26","guid":{"rendered":"http:\/\/www.caririemacao.com\/1\/?p=94775"},"modified":"2019-05-13T09:27:26","modified_gmt":"2019-05-13T12:27:26","slug":"mulher-e-presa-no-dia-das-maes-suspeita-de-abandono-de-incapaz-em-joao-pessoa","status":"publish","type":"post","link":"https:\/\/www.caririemacao.com\/1\/2019\/05\/13\/mulher-e-presa-no-dia-das-maes-suspeita-de-abandono-de-incapaz-em-joao-pessoa\/","title":{"rendered":"Mulher \u00e9 presa no dia das m\u00e3es suspeita de abandono de incapaz, em Jo\u00e3o Pessoa"},"content":{"rendered":"\n<p>Uma mulher de 24 anos foi preso no in\u00edcio da noite deste domingo (12), suspeita de abandono de incapaz, em Jo\u00e3o Pessoa. De acordo com a Pol\u00edcia Civil, a mulher teria deixado a filha, de seis anos, trancada dentro do quarto, em um apartamento no bairro dos Novais.<\/p>\n\n\n\n<p>A Pol\u00edcia militar foi acionada com a den\u00fancia que a m\u00e3e havia deixado a filha trancada em cada, em um pr\u00e9dio de tr\u00eas andares. A PM esteve no local, apertou a campainha do apartamento, mas ningu\u00e9m atendeu.<\/p>\n\n\n\n<p>Quando as equipes tentaram o acesso por tr\u00e1s, encontraram a crian\u00e7a de seis anos na janela, informando que estava trancada. Ela disse aos policiais que a m\u00e3e havia sa\u00eddo h\u00e1 muito tempo e que ela estava com fome, mas n\u00e3o tinha como sair do quarto.<\/p>\n\n\n\n<p>O Corpo de Bombeiros foi acionado e, com o aux\u00edlio de uma escada, chegou at\u00e9 a janela e tirou a crian\u00e7a do quarto. Durante o resgate, a m\u00e3e chegou no apartamento e foi presa pela Pol\u00edcia Militar. Ela foi encaminhada para a Central de Pol\u00edcia Civil, no bairro do Geisel, mas ficou em sil\u00eancio durante o depoimento.<\/p>\n\n\n\n<p>Os vizinhos contaram \u00e0 pol\u00edcia que o fato acontece com frequ\u00eancia. A crian\u00e7a foi encaminhada, inicialmente, para o Conselho Tutelar, mas depois familiares se apresentaram na Central de Pol\u00edcia e, por enquanto, est\u00e3o com a tutela da crian\u00e7a. A produ\u00e7\u00e3o da TV Cabo Branco tentou entrar em contato com o advogado da mulher, mas as liga\u00e7\u00f5es n\u00e3o foram atendidas.<\/p>\n","protected":false},"excerpt":{"rendered":"<p>Uma mulher de 24 anos foi preso no in\u00edcio da noite deste domingo (12), suspeita de abandono de incapaz, em Jo\u00e3o Pessoa. De acordo com&hellip; <\/p>\n","protected":false},"author":1,"featured_media":89565,"comment_status":"closed","ping_status":"closed","sticky":false,"template":"","format":"standard","meta":{"sfsi_plus_gutenberg_text_before_share":"","sfsi_plus_gutenberg_show_text_before_share":"","sfsi_plus_gutenberg_icon_type":"","sfsi_plus_gutenberg_icon_alignemt":"","sfsi_plus_gutenburg_max_per_row":"","footnotes":""},"categories":[12],"tags":[],"class_list":["post-94775","post","type-post","status-publish","format-standard","has-post-thumbnail","hentry","category-policia"],"_links":{"self":[{"href":"https:\/\/www.caririemacao.com\/1\/wp-json\/wp\/v2\/posts\/94775","targetHints":{"allow":["GET"]}}],"collection":[{"href":"https:\/\/www.caririemacao.com\/1\/wp-json\/wp\/v2\/posts"}],"about":[{"href":"https:\/\/www.caririemacao.com\/1\/wp-json\/wp\/v2\/types\/post"}],"author":[{"embeddable":true,"href":"https:\/\/www.caririemacao.com\/1\/wp-json\/wp\/v2\/users\/1"}],"replies":[{"embeddable":true,"href":"https:\/\/www.caririemacao.com\/1\/wp-json\/wp\/v2\/comments?post=94775"}],"version-history":[{"count":1,"href":"https:\/\/www.caririemacao.com\/1\/wp-json\/wp\/v2\/posts\/94775\/revisions"}],"predecessor-version":[{"id":94776,"href":"https:\/\/www.caririemacao.com\/1\/wp-json\/wp\/v2\/posts\/94775\/revisions\/94776"}],"wp:featuredmedia":[{"embeddable":true,"href":"https:\/\/www.caririemacao.com\/1\/wp-json\/wp\/v2\/media\/89565"}],"wp:attachment":[{"href":"https:\/\/www.caririemacao.com\/1\/wp-json\/wp\/v2\/media?parent=94775"}],"wp:term":[{"taxonomy":"category","embeddable":true,"href":"https:\/\/www.caririemacao.com\/1\/wp-json\/wp\/v2\/categories?post=94775"},{"taxonomy":"post_tag","embeddable":true,"href":"https:\/\/www.caririemacao.com\/1\/wp-json\/wp\/v2\/tags?post=94775"}],"curies":[{"name":"wp","href":"https:\/\/api.w.org\/{rel}","templated":true}]}}