{"id":94777,"date":"2019-05-13T09:33:28","date_gmt":"2019-05-13T12:33:28","guid":{"rendered":"http:\/\/www.caririemacao.com\/1\/?p=94777"},"modified":"2019-05-13T09:33:28","modified_gmt":"2019-05-13T12:33:28","slug":"ciclista-morre-apos-acidente-com-caminhao-na-br-230","status":"publish","type":"post","link":"https:\/\/www.caririemacao.com\/1\/2019\/05\/13\/ciclista-morre-apos-acidente-com-caminhao-na-br-230\/","title":{"rendered":"Ciclista morre ap\u00f3s acidente com caminh\u00e3o, na BR-230"},"content":{"rendered":"\n<p>Um acidente grave envolvendo um caminh\u00e3o e uma bicicleta, na noite deste domingo (12), na BR-230, em Jo\u00e3o Pessoa, deixou o ciclista morto ap\u00f3s a colis\u00e3o. De acordo com a Pol\u00edcia Rodovi\u00e1ria Federal (PRF), o acidente aconteceu no km 22, no sentido Bayeux-Jo\u00e3o Pessoa.<\/p>\n\n\n\n<p>A v\u00edtima \u00e9 um homem de 52 anos. O acidente aconteceu por volta das 21h50 e, segundo a PRF, as duas faixas foram interditadas durante o atendimento. O tr\u00e2nsito fluiu apenas pelo acostamento da rodovia at\u00e9 o in\u00edcio da madrugada desta segunda-feira (13).<\/p>\n\n\n\n<p>A equipe da PRF esteve no local e permaneceu at\u00e9 a remo\u00e7\u00e3o do corpo e a chegada da per\u00edcia para identificar as causas do acidente, que ainda n\u00e3o foram informadas.<\/p>\n\n\n\n<p><\/p>\n\n\n\n<p>G1<\/p>\n","protected":false},"excerpt":{"rendered":"<p>Um acidente grave envolvendo um caminh\u00e3o e uma bicicleta, na noite deste domingo (12), na BR-230, em Jo\u00e3o Pessoa, deixou o ciclista morto ap\u00f3s a&hellip; <\/p>\n","protected":false},"author":1,"featured_media":94778,"comment_status":"closed","ping_status":"closed","sticky":false,"template":"","format":"standard","meta":{"sfsi_plus_gutenberg_text_before_share":"","sfsi_plus_gutenberg_show_text_before_share":"","sfsi_plus_gutenberg_icon_type":"","sfsi_plus_gutenberg_icon_alignemt":"","sfsi_plus_gutenburg_max_per_row":"","footnotes":""},"categories":[2],"tags":[],"class_list":["post-94777","post","type-post","status-publish","format-standard","has-post-thumbnail","hentry","category-geral"],"_links":{"self":[{"href":"https:\/\/www.caririemacao.com\/1\/wp-json\/wp\/v2\/posts\/94777","targetHints":{"allow":["GET"]}}],"collection":[{"href":"https:\/\/www.caririemacao.com\/1\/wp-json\/wp\/v2\/posts"}],"about":[{"href":"https:\/\/www.caririemacao.com\/1\/wp-json\/wp\/v2\/types\/post"}],"author":[{"embeddable":true,"href":"https:\/\/www.caririemacao.com\/1\/wp-json\/wp\/v2\/users\/1"}],"replies":[{"embeddable":true,"href":"https:\/\/www.caririemacao.com\/1\/wp-json\/wp\/v2\/comments?post=94777"}],"version-history":[{"count":1,"href":"https:\/\/www.caririemacao.com\/1\/wp-json\/wp\/v2\/posts\/94777\/revisions"}],"predecessor-version":[{"id":94779,"href":"https:\/\/www.caririemacao.com\/1\/wp-json\/wp\/v2\/posts\/94777\/revisions\/94779"}],"wp:featuredmedia":[{"embeddable":true,"href":"https:\/\/www.caririemacao.com\/1\/wp-json\/wp\/v2\/media\/94778"}],"wp:attachment":[{"href":"https:\/\/www.caririemacao.com\/1\/wp-json\/wp\/v2\/media?parent=94777"}],"wp:term":[{"taxonomy":"category","embeddable":true,"href":"https:\/\/www.caririemacao.com\/1\/wp-json\/wp\/v2\/categories?post=94777"},{"taxonomy":"post_tag","embeddable":true,"href":"https:\/\/www.caririemacao.com\/1\/wp-json\/wp\/v2\/tags?post=94777"}],"curies":[{"name":"wp","href":"https:\/\/api.w.org\/{rel}","templated":true}]}}