{"id":94780,"date":"2019-05-13T09:38:15","date_gmt":"2019-05-13T12:38:15","guid":{"rendered":"http:\/\/www.caririemacao.com\/1\/?p=94780"},"modified":"2019-05-13T09:38:15","modified_gmt":"2019-05-13T12:38:15","slug":"mae-que-adotou-sobrevivente-de-aborto-e-com-surdez-cegueira-e-autismo-relata-luta-pelo-sonho","status":"publish","type":"post","link":"https:\/\/www.caririemacao.com\/1\/2019\/05\/13\/mae-que-adotou-sobrevivente-de-aborto-e-com-surdez-cegueira-e-autismo-relata-luta-pelo-sonho\/","title":{"rendered":"M\u00e3e que adotou sobrevivente de aborto e com surdez, cegueira e autismo relata &#8216;luta pelo sonho&#8217;"},"content":{"rendered":"\n<p>H\u00e1 tr\u00eas anos, Rosana Mamedes Bernardo era m\u00e3e de dois filhos, sendo um biol\u00f3gico e uma adotiva. Ela e o marido, que moram na cidade de Patos, no Sert\u00e3o da Para\u00edba, aguardavam h\u00e1 dois anos na fila de ado\u00e7\u00e3o por outra crian\u00e7a, quando receberam uma liga\u00e7\u00e3o da maternidade. O t\u00e3o sonhado terceiro filho se tornava realidade. Ao chegar ao hospital, o casal encontrou um beb\u00ea que nasceu com 25 semanas de gesta\u00e7\u00e3o, resultado de um aborto, pesando 700 gramas, com risco de ter v\u00e1rias defici\u00eancias e que poderia n\u00e3o sobreviver. Mas, para Rosana, isso n\u00e3o foi um obst\u00e1culo.<\/p>\n\n\n\n<blockquote class=\"wp-block-quote is-layout-flow wp-block-quote-is-layout-flow\"><p>\u201cFoi amor \u00e0 primeira vista. A gente tem renunciado a muita coisa para lutar pelo sonho de ser m\u00e3e de mais de um filho\u201d, disse.<\/p><\/blockquote>\n\n\n\n<p>O casal foi o sexto da fila a conhecer o beb\u00ea. L\u00e1zaro, como foi chamado por Rosana e Mois\u00e9s, estava sozinho na maternidade h\u00e1 pouco mais de um m\u00eas e a equipe m\u00e9dica alertava os pretendentes que, at\u00e9 que o rec\u00e9m-nascido ganhasse um quilo a mais, era preciso que a m\u00e3e estivesse todos os dias no hospital com ele. Com isso, muitos desistiram.<\/p>\n\n\n\n<p>\u201cTinha aquelas incubadoras cheias de crian\u00e7as, esperava ser uma crian\u00e7a &#8216;cheinha&#8217;, gordinha, mas quando a gente se deparou com ele pesando 700 gramas, a gente se apaixonou. Aquele \u2018tisquinho\u2019 de nada, s\u00f3 aquela respira\u00e7\u00e3o, bem pouquinha. E foi quando o m\u00e9dico falou que ele estava ali s\u00f3 precisando do amor de um pai e de uma m\u00e3e&#8221;, afirmou.<\/p>\n\n\n\n<p>Ao determinar no processo de ado\u00e7\u00e3o o \u201cperfil\u201d desejado, o casal havia dito que queria crian\u00e7as acima de tr\u00eas anos de idade. Pois, durante a gravidez, que foi de alto risco, Rosana descobriu um n\u00f3dulo na coluna e uma h\u00e9rnia de disco. Assim, n\u00e3o poderia carregar peso. Contudo, ao receber a liga\u00e7\u00e3o do servi\u00e7o social do f\u00f3rum e ao conhecer L\u00e1zaro, esse pensamento mudou. &#8220;Foi lutar por ele, a gente teve que achar que n\u00e3o tinha problema nenhum de sa\u00fade\u201d, declarou.<\/p>\n\n\n\n<p>Ao longo do tempo que o beb\u00ea ficou internado na Unidade de Terapia Intensiva (UTI), Rosana, que hoje tem 34 anos, o acompanhava todos dias, das 13h \u00e0s 17h. \u201cE ele foi engordando, ele foi dando sinal de vida, cada dia ia saindo de um aparelho. Depois ele j\u00e1 estava nos meus bracinhos e todo dia era um sinal de vida que ele dava, que estava melhorando\u201d, pontuou.<\/p>\n\n\n\n<p>Depois de sair da UTI, L\u00e1zaro foi encaminhado para a chamada \u201csala canguru\u201d, de acordo com Rosana, onde ganhou o peso que precisava. Nesse per\u00edodo, ela chegou a produzir leite para amament\u00e1-lo, mas n\u00e3o pode, porque precisaria tomar uma reposi\u00e7\u00e3o hormonal.<\/p>\n\n\n\n<p>Como a paraibana s\u00f3 teve direito a licen\u00e7a maternidade quando ele recebeu alta, Rosana contou que as irm\u00e3s dela se revezavam para acompanharem a crian\u00e7a no hospital. Ela, por vezes, ficava com ele no per\u00edodo da noite.<\/p>\n\n\n\n<figure class=\"wp-block-image\"><img decoding=\"async\" data-src=\"https:\/\/s2.glbimg.com\/lk_MJnkV_Grxrm0Sx8Noy7yGKa0=\/0x0:1600x900\/984x0\/smart\/filters:strip_icc()\/i.s3.glbimg.com\/v1\/AUTH_59edd422c0c84a879bd37670ae4f538a\/internal_photos\/bs\/2019\/e\/5\/ZAu982QAOWYatjau1s3w\/lazaro-pesava-700-gramas-quando-nasceu-segundo-rosana.jpg\" alt=\"L\u00e1zaro pesava 700 gramas quando nasceu, segundo Rosana  \u2014 Foto: Rosana Mamedes Bernardo\/Arquivo pessoal\" src=\"data:image\/svg+xml;base64,PHN2ZyB3aWR0aD0iMSIgaGVpZ2h0PSIxIiB4bWxucz0iaHR0cDovL3d3dy53My5vcmcvMjAwMC9zdmciPjwvc3ZnPg==\" class=\"lazyload\" \/><\/figure>\n\n\n\n<p>L\u00e1zaro pesava 700 gramas quando nasceu, segundo Rosana \u2014 Foto: Rosana Mamedes Bernardo\/Arquivo pessoal<\/p>\n\n\n\n<p>Ap\u00f3s quatro meses, finalmente Rosana e Mois\u00e9s puderam levar o filho para casa. Para isso, por\u00e9m, foi preciso comprar equipamentos, como um cilindro de oxig\u00eanio, montar uma estrutura e aprender alguns procedimentos de emerg\u00eancia, j\u00e1 que o casal n\u00e3o morava perto do hospital e havia o risco de que ele tivesse uma parada respirat\u00f3ria.<\/p>\n\n\n\n<h2 class=\"wp-block-heading\">\u2018Quando a gente achava que estava tudo bem\u2026\u2019<\/h2>\n\n\n\n<p>Quando completou um ano de idade, L\u00e1zaro foi diagnosticado com surdez total, conforme Rosana, que contou que ela e o marido fizeram um curso de libras para poderem se comunicar com o filho.<\/p>\n\n\n\n<p>Entretanto, pouco tempo depois, a crian\u00e7a foi diagnosticada com outro problema de sa\u00fade, que n\u00e3o tinha sido identificado at\u00e9 ent\u00e3o porque ele passava muito tempo no colo.<\/p>\n\n\n\n<p>\u201cQuando a gente achava que estava tudo bem, fizemos o exame do olhinho dele e diagnosticou que ele tamb\u00e9m era cego, porque at\u00e9 um ano ele era de bra\u00e7o, era muito molinho. Ent\u00e3o o m\u00e9dico diagnosticou que ele tinha catarata cong\u00eanita, ele tinha uma cegueira muito profunda\u201d, explicou.<\/p>\n\n\n\n<p>Ap\u00f3s isso, a equipe m\u00e9dica da maternidade comentou com Rosana que ele poderia ter outros problemas de sa\u00fade, por ter nascido prematuro. \u201cMas a gente se apaixonou por ele. N\u00e3o \u00e9 nem quest\u00e3o de caridade, foi amor mesmo. Ent\u00e3o a gente aceitou ele, do jeito que ele estava, n\u00f3s n\u00e3o vimos obst\u00e1culos\u201d, disse.<\/p>\n\n\n\n<blockquote class=\"wp-block-quote is-layout-flow wp-block-quote-is-layout-flow\"><p>\u201cN\u00e3o vimos dificuldade em dar amor a ele, mesmo sabendo que isso custaria n\u00f3s desistirmos de muitas coisas da vida toda. E \u00e9 o que tem sido at\u00e9 hoje\u201d, destacou.<\/p><\/blockquote>\n\n\n\n<p>Meses depois, os m\u00e9dicos constataram que L\u00e1zaro dava sinais de quem estava ouvindo e, por isso, ele passou a utilizar um aparelho auditivo. Por volta dos tr\u00eas anos de idade, ele tamb\u00e9m foi diagnosticado com autismo.<\/p>\n\n\n\n<figure class=\"wp-block-image\"><img decoding=\"async\" data-src=\"https:\/\/s2.glbimg.com\/udI48nxs-vxOJ_hI-MPbl8NYQqE=\/0x0:1600x900\/984x0\/smart\/filters:strip_icc()\/i.s3.glbimg.com\/v1\/AUTH_59edd422c0c84a879bd37670ae4f538a\/internal_photos\/bs\/2019\/B\/M\/tY49fYQLy2BKQHtwnamg\/rosana-abriu-mao-das-tardes-para-ficar-na-maternidade-com-lazaro-e-desde-entao-ela-faz-renuncias-pelo-sonho-de-ser-mae.jpg\" alt=\"Rosana abriu m\u00e3o das tardes para ficar na maternidade com L\u00e1zaro e, desde ent\u00e3o, ela faz ren\u00fancias pelo sonho de ser m\u00e3e \u2014 Foto: Rosana Mamedes Bernardo\/Arquivo pessoal\" src=\"data:image\/svg+xml;base64,PHN2ZyB3aWR0aD0iMSIgaGVpZ2h0PSIxIiB4bWxucz0iaHR0cDovL3d3dy53My5vcmcvMjAwMC9zdmciPjwvc3ZnPg==\" class=\"lazyload\" \/><\/figure>\n\n\n\n<p>Rosana abriu m\u00e3o das tardes para ficar na maternidade com L\u00e1zaro e, desde ent\u00e3o, ela faz ren\u00fancias pelo sonho de ser m\u00e3e \u2014 Foto: Rosana Mamedes Bernardo\/Arquivo pessoal<\/p>\n\n\n\n<h2 class=\"wp-block-heading\">A rotina: \u2018mudou para melhor\u2019<\/h2>\n\n\n\n<p>Hoje, os filhos &#8211; Miguel e Jhennyfer, de 11 anos, e L\u00e1zaro de tr\u00eas anos &#8211; frequentam a escola durante a manh\u00e3, per\u00edodo em que Rosana trabalha. O pai ajuda os dois mais velhos a se arrumarem, enquanto Rosana prepara o mais novo.<\/p>\n\n\n\n<p>\u201cMeu esposo \u00e9 um paiz\u00e3o, \u00e9 daquele que amanhece o dia fazendo o lanche, ajudando tamb\u00e9m, at\u00e9 porque uma manh\u00e3 \u00e9 s\u00f3 para aprontar L\u00e1zaro para deixar na escola\u201d, disse.<\/p>\n\n\n\n<p>O filho mais novo faz terapia ocupacional e sess\u00f5es com uma fonoaudi\u00f3loga, al\u00e9m de participar de atividades da Organiza\u00e7\u00e3o N\u00e3o Governamental Essor. Tendo em vista as condi\u00e7\u00f5es de sa\u00fade de L\u00e1zaro, Rosana teve a carga hor\u00e1ria reduzida no trabalho, o que \u00e9 garantido por lei. Ela o acompanha nos atendimentos e, quando ele adoece ou acorda com alguma crise, fica com o filho.<\/p>\n\n\n\n<p>Por L\u00e1zaro ser autista e ter dificuldades para se comunicar com outras pessoas, que n\u00e3o os pais, o casal tamb\u00e9m precisa avaliar quando e para onde vai sair.<\/p>\n\n\n\n<p>\u201cMuitas coisas que a gente realizava, a gente deixou de realizar para estar com ele, para saber que ele est\u00e1 bem\u201d, comentou. Apesar disso, Rosana n\u00e3o se arrepende.<\/p>\n\n\n\n<blockquote class=\"wp-block-quote is-layout-flow wp-block-quote-is-layout-flow\"><p>\u201cO que mudou na minha rotina? Acho que mudou para melhor, eu era s\u00f3 de casa para o trabalho, s\u00f3 tinha Luiz Miguel e ele pedia muito por um irm\u00e3o, me pedia demais. Como a gesta\u00e7\u00e3o dele foi de alto risco, eu tinha medo. Como eu j\u00e1 tinha irm\u00e3os adotivos, o sonho da gente era ter a fam\u00edlia grande ent\u00e3o a gente optou por ado\u00e7\u00e3o\u201d, explicou.<\/p><\/blockquote>\n\n\n\n<h2 class=\"wp-block-heading\">\u2018Perguntam se o amor \u00e9 o mesmo\u2019<\/h2>\n\n\n\n<p>De acordo com Rosana, ao verem todo o cuidado direcionado para L\u00e1zaro, as pessoas questionam se h\u00e1 uma diferen\u00e7a no amor pelos filhos.<\/p>\n\n\n\n<p>\u201cMuitos perguntam se o amor \u00e9 o mesmo. Eu sempre digo assim \u2018o amor \u00e9 o mesmo, s\u00f3 os cuidados que s\u00e3o diferentes\u2019. Cada um a gente tem um cuidado diferente e no caso de L\u00e1zaro \u00e9 quem mais requer cuidado nosso. Mas Miguel teve essa virose e n\u00f3s est\u00e1vamos com mais cuidado com Miguel do que com L\u00e1zaro, porque L\u00e1zaro estava sadio\u201d, salientou.<\/p>\n\n\n\n<p>Segundo a m\u00e3e, ao saber que ganhariam um irm\u00e3o, Miguel e Jhennyfer aguardaram ansiosamente durante os quatro meses que ele passou internado. E, embora exista uma dificuldade de comunica\u00e7\u00e3o, a rela\u00e7\u00e3o entre os irm\u00e3os \u00e9 tranquila, porque eles entendem a situa\u00e7\u00e3o que os pais explicam. \u201cN\u00e3o t\u00eam ci\u00fames um do outro\u201d, frisou.<\/p>\n\n\n\n<p>Ela tamb\u00e9m contou que a luta pelo sonho de ser m\u00e3e veio acompanhada de cr\u00edticas e preconceitos. \u201cA gente tenta explicar de v\u00e1rias maneiras para as pessoas, porque ainda \u00e9 desacreditado. Muitas pessoas dizem assim, \u2018ah, voc\u00eas s\u00e3o novos, um casal novo desse jeito com dois filhos adotivos? Voc\u00eas s\u00e3o loucos!\u2019\u201d, afirmou.<\/p>\n\n\n\n<figure class=\"wp-block-image\"><img decoding=\"async\" data-src=\"https:\/\/s2.glbimg.com\/G9EhNMarqjuqS8hxIS-TmJ0l5-I=\/0x0:1600x1293\/984x0\/smart\/filters:strip_icc()\/i.s3.glbimg.com\/v1\/AUTH_59edd422c0c84a879bd37670ae4f538a\/internal_photos\/bs\/2019\/K\/E\/LETvAeRe6JlaFBBn8SIQ\/rosana-considera-moises-um-paizao-e-diz-que-os-filhos-se-dao-bem.jpg\" alt=\"Rosana considera Mois\u00e9s um 'paiz\u00e3o' e diz que os filhos se d\u00e3o bem \u2014 Foto: Rosana Mamedes Bernardo\/Arquivo pessoal\" src=\"data:image\/svg+xml;base64,PHN2ZyB3aWR0aD0iMSIgaGVpZ2h0PSIxIiB4bWxucz0iaHR0cDovL3d3dy53My5vcmcvMjAwMC9zdmciPjwvc3ZnPg==\" class=\"lazyload\" \/><\/figure>\n\n\n\n<p>Rosana considera Mois\u00e9s um &#8216;paiz\u00e3o&#8217; e diz que os filhos se d\u00e3o bem \u2014 Foto: Rosana Mamedes Bernardo\/Arquivo pessoal<\/p>\n\n\n\n<p>A servidora p\u00fablica relatou que, quando ainda estava na maternidade com L\u00e1zaro, foi abordada por uma funcion\u00e1ria que questionou a escolha do casal.<\/p>\n\n\n\n<blockquote class=\"wp-block-quote is-layout-flow wp-block-quote-is-layout-flow\"><p>\u201cUma assistente social que falou que um casal novo poderia estar adotando uma crian\u00e7a sadia, &#8216;perfeita&#8217;, mas isso n\u00e3o afetou meu psicol\u00f3gico, porque, quando entrei na fila de ado\u00e7\u00e3o, a gente queria um filho, independente do jeito que viesse, ent\u00e3o Deus nos atendeu do jeito que a gente falou\u201d, ressaltou.<\/p><\/blockquote>\n\n\n\n<h2 class=\"wp-block-heading\">Experi\u00eancias<\/h2>\n\n\n\n<p>Rosana contou que, hoje, ela e o marido compartilham as experi\u00eancias que tiveram com L\u00e1zaro e Jhennyfer em cursos de forma\u00e7\u00e3o, oferecidos pelo Tribunal de Justi\u00e7a da Para\u00edba, para outros casais que pretendem adotar.<\/p>\n\n\n\n<p>\u201cA demora pelo processo de ado\u00e7\u00e3o \u00e9 mais n\u00f3s, pais, por querer um filho perfeito. Sem saber que, muitas vezes, se sair de dentro de gente, a gente n\u00e3o tem como dizer um n\u00e3o para uma crian\u00e7a. Tiram d\u00favidas, fazem perguntas, como \u2018como foi para se apaixonar?\u2019\u201d, relatou.<\/p>\n\n\n\n<p>Ap\u00f3s essas palestras, como pontuou, casais os procuram para contar que decidiram ampliar o perfil do filho desejado. E essa \u00e9 uma das felicidades da servidora p\u00fablica e do marido.<\/p>\n\n\n\n<p>Rosana contou que, na noite anterior \u00e0 liga\u00e7\u00e3o que informou que L\u00e1zaro estava na maternidade, ela sonhou que segurava uma crian\u00e7a nos bra\u00e7os. No entanto, o sonho de ser m\u00e3e n\u00e3o parou por a\u00ed. Hoje, ela e Mois\u00e9s continuam pensando em aumentar a fam\u00edlia.<\/p>\n\n\n\n<blockquote class=\"wp-block-quote is-layout-flow wp-block-quote-is-layout-flow\"><p>\u201cEstamos planejando, quando L\u00e1zaro estiver mais adolescente e mais independente, adotar outra crian\u00e7a\u201d, compartilhou.<\/p><p><\/p><p>G1<\/p><\/blockquote>\n","protected":false},"excerpt":{"rendered":"<p>H\u00e1 tr\u00eas anos, Rosana Mamedes Bernardo era m\u00e3e de dois filhos, sendo um biol\u00f3gico e uma adotiva. Ela e o marido, que moram na cidade&hellip; <\/p>\n","protected":false},"author":1,"featured_media":94784,"comment_status":"closed","ping_status":"closed","sticky":false,"template":"","format":"standard","meta":{"sfsi_plus_gutenberg_text_before_share":"","sfsi_plus_gutenberg_show_text_before_share":"","sfsi_plus_gutenberg_icon_type":"","sfsi_plus_gutenberg_icon_alignemt":"","sfsi_plus_gutenburg_max_per_row":"","footnotes":""},"categories":[50,2],"tags":[],"class_list":["post-94780","post","type-post","status-publish","format-standard","has-post-thumbnail","hentry","category-destaque","category-geral"],"_links":{"self":[{"href":"https:\/\/www.caririemacao.com\/1\/wp-json\/wp\/v2\/posts\/94780","targetHints":{"allow":["GET"]}}],"collection":[{"href":"https:\/\/www.caririemacao.com\/1\/wp-json\/wp\/v2\/posts"}],"about":[{"href":"https:\/\/www.caririemacao.com\/1\/wp-json\/wp\/v2\/types\/post"}],"author":[{"embeddable":true,"href":"https:\/\/www.caririemacao.com\/1\/wp-json\/wp\/v2\/users\/1"}],"replies":[{"embeddable":true,"href":"https:\/\/www.caririemacao.com\/1\/wp-json\/wp\/v2\/comments?post=94780"}],"version-history":[{"count":1,"href":"https:\/\/www.caririemacao.com\/1\/wp-json\/wp\/v2\/posts\/94780\/revisions"}],"predecessor-version":[{"id":94785,"href":"https:\/\/www.caririemacao.com\/1\/wp-json\/wp\/v2\/posts\/94780\/revisions\/94785"}],"wp:featuredmedia":[{"embeddable":true,"href":"https:\/\/www.caririemacao.com\/1\/wp-json\/wp\/v2\/media\/94784"}],"wp:attachment":[{"href":"https:\/\/www.caririemacao.com\/1\/wp-json\/wp\/v2\/media?parent=94780"}],"wp:term":[{"taxonomy":"category","embeddable":true,"href":"https:\/\/www.caririemacao.com\/1\/wp-json\/wp\/v2\/categories?post=94780"},{"taxonomy":"post_tag","embeddable":true,"href":"https:\/\/www.caririemacao.com\/1\/wp-json\/wp\/v2\/tags?post=94780"}],"curies":[{"name":"wp","href":"https:\/\/api.w.org\/{rel}","templated":true}]}}