{"id":94786,"date":"2019-05-13T09:42:50","date_gmt":"2019-05-13T12:42:50","guid":{"rendered":"http:\/\/www.caririemacao.com\/1\/?p=94786"},"modified":"2019-05-13T09:42:50","modified_gmt":"2019-05-13T12:42:50","slug":"grupo-sequestra-motorista-por-aplicativo-amarra-vitima-e-joga-de-ponte-em-joao-pessoa","status":"publish","type":"post","link":"https:\/\/www.caririemacao.com\/1\/2019\/05\/13\/grupo-sequestra-motorista-por-aplicativo-amarra-vitima-e-joga-de-ponte-em-joao-pessoa\/","title":{"rendered":"Grupo sequestra motorista por aplicativo, amarra v\u00edtima e joga de ponte, em Jo\u00e3o Pessoa"},"content":{"rendered":"\n<p>Um motorista que faz corridas por aplicativo sofreu um sequestro rel\u00e2mpago na madrugada deste domingo (12), em Jo\u00e3o Pessoa. Ele foi obrigado a dirigir por bairros da cidade e depois teve o corpo amarrado, olhos vendados e foi jogado de uma ponte. Mesmo debilitado, o homem conseguiu se soltar e caminhar at\u00e9 um posto policial, onde pediu ajuda.<\/p>\n\n\n\n<p>O caso foi registrado por volta das 5h. Segundo a Pol\u00edcia Militar, o motorista estava trabalhando quando recebeu uma solicita\u00e7\u00e3o de corrida no bairro Cabo Branco para o bairro Colinas do Sul. Ao passar pelo bairro Geisel, o motorista foi rendido por quatro homens armados. Um deles estava com um rev\u00f3lver e outros dois com facas.<\/p>\n\n\n\n<p>De acordo com a Pol\u00edcia Militar, os suspeitos obrigaram o motorista a dirigir pela cidade at\u00e9 chegar pr\u00f3ximo a uma ponte no bairro Distrito Industrial. A v\u00edtima foi amarrada, teve os olhos vendados e foi jogada da ponte.<\/p>\n\n\n\n<p>Ainda de acordo com a Pol\u00edcia Militar, a v\u00edtima conseguiu se soltar e foi andando at\u00e9 um posto policial. Os militares encontraram o motorista debilitado. O Servi\u00e7o de Atendimento M\u00f3vel de Urg\u00eancia (Samu) foi acionado e levou a v\u00edtima para receber atendimento no Hospital de Trauma de Jo\u00e3o Pessoa.<\/p>\n\n\n\n<p>A Pol\u00edcia Militar informou ainda que os suspeitos fugiram levando o carro da v\u00edtima, um ve\u00edculo sedan modelo Cobalt de cor prata. Foram realizadas buscas, mas at\u00e9 11h deste domingo n\u00e3o houve confirma\u00e7\u00e3o da pris\u00e3o de suspeitos ou recupera\u00e7\u00e3o do ve\u00edculo.<\/p>\n\n\n\n<p><\/p>\n\n\n\n<p>G1<\/p>\n","protected":false},"excerpt":{"rendered":"<p>Um motorista que faz corridas por aplicativo sofreu um sequestro rel\u00e2mpago na madrugada deste domingo (12), em Jo\u00e3o Pessoa. Ele foi obrigado a dirigir por&hellip; <\/p>\n","protected":false},"author":1,"featured_media":94787,"comment_status":"closed","ping_status":"closed","sticky":false,"template":"","format":"standard","meta":{"sfsi_plus_gutenberg_text_before_share":"","sfsi_plus_gutenberg_show_text_before_share":"","sfsi_plus_gutenberg_icon_type":"","sfsi_plus_gutenberg_icon_alignemt":"","sfsi_plus_gutenburg_max_per_row":"","footnotes":""},"categories":[12],"tags":[],"class_list":["post-94786","post","type-post","status-publish","format-standard","has-post-thumbnail","hentry","category-policia"],"_links":{"self":[{"href":"https:\/\/www.caririemacao.com\/1\/wp-json\/wp\/v2\/posts\/94786","targetHints":{"allow":["GET"]}}],"collection":[{"href":"https:\/\/www.caririemacao.com\/1\/wp-json\/wp\/v2\/posts"}],"about":[{"href":"https:\/\/www.caririemacao.com\/1\/wp-json\/wp\/v2\/types\/post"}],"author":[{"embeddable":true,"href":"https:\/\/www.caririemacao.com\/1\/wp-json\/wp\/v2\/users\/1"}],"replies":[{"embeddable":true,"href":"https:\/\/www.caririemacao.com\/1\/wp-json\/wp\/v2\/comments?post=94786"}],"version-history":[{"count":1,"href":"https:\/\/www.caririemacao.com\/1\/wp-json\/wp\/v2\/posts\/94786\/revisions"}],"predecessor-version":[{"id":94788,"href":"https:\/\/www.caririemacao.com\/1\/wp-json\/wp\/v2\/posts\/94786\/revisions\/94788"}],"wp:featuredmedia":[{"embeddable":true,"href":"https:\/\/www.caririemacao.com\/1\/wp-json\/wp\/v2\/media\/94787"}],"wp:attachment":[{"href":"https:\/\/www.caririemacao.com\/1\/wp-json\/wp\/v2\/media?parent=94786"}],"wp:term":[{"taxonomy":"category","embeddable":true,"href":"https:\/\/www.caririemacao.com\/1\/wp-json\/wp\/v2\/categories?post=94786"},{"taxonomy":"post_tag","embeddable":true,"href":"https:\/\/www.caririemacao.com\/1\/wp-json\/wp\/v2\/tags?post=94786"}],"curies":[{"name":"wp","href":"https:\/\/api.w.org\/{rel}","templated":true}]}}