{"id":94789,"date":"2019-05-13T09:45:54","date_gmt":"2019-05-13T12:45:54","guid":{"rendered":"http:\/\/www.caririemacao.com\/1\/?p=94789"},"modified":"2019-05-13T09:45:54","modified_gmt":"2019-05-13T12:45:54","slug":"motorista-embriagado-e-preso-ao-ser-flagrado-dirigindo-onibus-escolar-na-br-101-na-pb","status":"publish","type":"post","link":"https:\/\/www.caririemacao.com\/1\/2019\/05\/13\/motorista-embriagado-e-preso-ao-ser-flagrado-dirigindo-onibus-escolar-na-br-101-na-pb\/","title":{"rendered":"Motorista embriagado \u00e9 preso ao ser flagrado dirigindo \u00f4nibus escolar na BR-101, na PB"},"content":{"rendered":"\n<p>Um homem de 44 anos de idade foi preso na manh\u00e3 deste domingo (12) depois de ser flagrado embriagado dirigindo um \u00f4nibus escolar. O ve\u00edculo foi parado depois que o motorista come\u00e7ou a fazer movimentos de zigue-zague enquanto dirigia o \u00f4nibus pela BR-101, no Litoral paraibano.<\/p>\n\n\n\n<p>Segundo a Pol\u00edcia Rodovi\u00e1ria Federal (PRF), quando os agentes fizeram o teste do baf\u00f4metro com o motorista confirmaram que ele estava embriagado. O exame acusou um \u00edndice de 0,49 mg\/l de \u00e1lcool. O motorista foi encaminhado para a delegacia de Pol\u00edcia Civil de Mamanguape.<\/p>\n\n\n\n<p>Al\u00e9m de estar embriagado, o motorista detido estava com a Carteira Nacional de Habilita\u00e7\u00e3o (CNH) vencida a mais de 30 dias e dirigia o ve\u00edculo de categoria diferente da habilita\u00e7\u00e3o que possui. O ve\u00edculo escolar foi entregue a um condutor habilitado que se apresentou nesta manh\u00e3.<\/p>\n\n\n\n<p>O \u00f4nibus escolar \u00e9 destinado para transportar alunos durante os dias de aula. O motorista estava com uma outra pessoa como passageira. Segundo a PRF, o \u00f4nibus foi disponibilizado para a prefeitura de Marca\u00e7\u00e3o e estava sendo usado para transportar servidores que trabalharam em festa organizada pela prefeitura do munic\u00edpio at\u00e9 Jo\u00e3o Pessoa. O G1 n\u00e3o conseguiu contato com a prefeitura de Marca\u00e7\u00e3o.<\/p>\n\n\n\n<p>A PRF disse ainda que ir\u00e1 informar o Minist\u00e9rio P\u00fablico da Para\u00edba (MPPB) para apura\u00e7\u00e3o do poss\u00edvel desvio de finalidade do uso do \u00f4nibus escolar do munic\u00edpio flagrado na ocorr\u00eancia.<\/p>\n\n\n\n<p><\/p>\n\n\n\n<p>G1<\/p>\n","protected":false},"excerpt":{"rendered":"<p>Um homem de 44 anos de idade foi preso na manh\u00e3 deste domingo (12) depois de ser flagrado embriagado dirigindo um \u00f4nibus escolar. O ve\u00edculo&hellip; <\/p>\n","protected":false},"author":1,"featured_media":94790,"comment_status":"closed","ping_status":"closed","sticky":false,"template":"","format":"standard","meta":{"sfsi_plus_gutenberg_text_before_share":"","sfsi_plus_gutenberg_show_text_before_share":"","sfsi_plus_gutenberg_icon_type":"","sfsi_plus_gutenberg_icon_alignemt":"","sfsi_plus_gutenburg_max_per_row":"","footnotes":""},"categories":[12],"tags":[],"class_list":["post-94789","post","type-post","status-publish","format-standard","has-post-thumbnail","hentry","category-policia"],"_links":{"self":[{"href":"https:\/\/www.caririemacao.com\/1\/wp-json\/wp\/v2\/posts\/94789","targetHints":{"allow":["GET"]}}],"collection":[{"href":"https:\/\/www.caririemacao.com\/1\/wp-json\/wp\/v2\/posts"}],"about":[{"href":"https:\/\/www.caririemacao.com\/1\/wp-json\/wp\/v2\/types\/post"}],"author":[{"embeddable":true,"href":"https:\/\/www.caririemacao.com\/1\/wp-json\/wp\/v2\/users\/1"}],"replies":[{"embeddable":true,"href":"https:\/\/www.caririemacao.com\/1\/wp-json\/wp\/v2\/comments?post=94789"}],"version-history":[{"count":1,"href":"https:\/\/www.caririemacao.com\/1\/wp-json\/wp\/v2\/posts\/94789\/revisions"}],"predecessor-version":[{"id":94791,"href":"https:\/\/www.caririemacao.com\/1\/wp-json\/wp\/v2\/posts\/94789\/revisions\/94791"}],"wp:featuredmedia":[{"embeddable":true,"href":"https:\/\/www.caririemacao.com\/1\/wp-json\/wp\/v2\/media\/94790"}],"wp:attachment":[{"href":"https:\/\/www.caririemacao.com\/1\/wp-json\/wp\/v2\/media?parent=94789"}],"wp:term":[{"taxonomy":"category","embeddable":true,"href":"https:\/\/www.caririemacao.com\/1\/wp-json\/wp\/v2\/categories?post=94789"},{"taxonomy":"post_tag","embeddable":true,"href":"https:\/\/www.caririemacao.com\/1\/wp-json\/wp\/v2\/tags?post=94789"}],"curies":[{"name":"wp","href":"https:\/\/api.w.org\/{rel}","templated":true}]}}