{"id":94792,"date":"2019-05-13T09:49:53","date_gmt":"2019-05-13T12:49:53","guid":{"rendered":"http:\/\/www.caririemacao.com\/1\/?p=94792"},"modified":"2019-05-13T09:49:53","modified_gmt":"2019-05-13T12:49:53","slug":"vereador-paraibano-tem-casa-crivada-de-balas","status":"publish","type":"post","link":"https:\/\/www.caririemacao.com\/1\/2019\/05\/13\/vereador-paraibano-tem-casa-crivada-de-balas\/","title":{"rendered":"Vereador paraibano tem casa crivada de balas"},"content":{"rendered":"\n<p>A casa do vereador Aliomar Soares, do munic\u00edpio de Livramento, amanheceu nesta segunda-feira (13) crivada de balas. A resid\u00eancia foi alvejada a tiros, durante a madrugada. O parlamentar estava dentro do quarto, na casa, quando ouviu os disparos.<\/p>\n\n\n\n<p>Foram encontrados pelo menos seis marcas de disparos no port\u00e3o, mas s\u00f3 um adentrou a resid\u00eancia. O vereador mora no Centro da cidade e acionou a pol\u00edcia logo ap\u00f3s a a\u00e7\u00e3o.<\/p>\n\n\n\n<p>Seguran\u00e7as particulares das&nbsp;empresas Guarda Protetor e Amigo e Seguran\u00e7a 10 deram assist\u00eancia inicial at\u00e9 a chegada dos policiais que vieram de Tapero\u00e1.&nbsp;<\/p>\n\n\n\n<p>Ningu\u00e9m ficou ferido.&nbsp;A Pol\u00edcia investiga o caso.&nbsp;<\/p>\n\n\n\n<p>PB AGORA<\/p>\n","protected":false},"excerpt":{"rendered":"<p>A casa do vereador Aliomar Soares, do munic\u00edpio de Livramento, amanheceu nesta segunda-feira (13) crivada de balas. A resid\u00eancia foi alvejada a tiros, durante a&hellip; <\/p>\n","protected":false},"author":1,"featured_media":94793,"comment_status":"closed","ping_status":"closed","sticky":false,"template":"","format":"standard","meta":{"sfsi_plus_gutenberg_text_before_share":"","sfsi_plus_gutenberg_show_text_before_share":"","sfsi_plus_gutenberg_icon_type":"","sfsi_plus_gutenberg_icon_alignemt":"","sfsi_plus_gutenburg_max_per_row":"","footnotes":""},"categories":[12],"tags":[],"class_list":["post-94792","post","type-post","status-publish","format-standard","has-post-thumbnail","hentry","category-policia"],"_links":{"self":[{"href":"https:\/\/www.caririemacao.com\/1\/wp-json\/wp\/v2\/posts\/94792","targetHints":{"allow":["GET"]}}],"collection":[{"href":"https:\/\/www.caririemacao.com\/1\/wp-json\/wp\/v2\/posts"}],"about":[{"href":"https:\/\/www.caririemacao.com\/1\/wp-json\/wp\/v2\/types\/post"}],"author":[{"embeddable":true,"href":"https:\/\/www.caririemacao.com\/1\/wp-json\/wp\/v2\/users\/1"}],"replies":[{"embeddable":true,"href":"https:\/\/www.caririemacao.com\/1\/wp-json\/wp\/v2\/comments?post=94792"}],"version-history":[{"count":1,"href":"https:\/\/www.caririemacao.com\/1\/wp-json\/wp\/v2\/posts\/94792\/revisions"}],"predecessor-version":[{"id":94794,"href":"https:\/\/www.caririemacao.com\/1\/wp-json\/wp\/v2\/posts\/94792\/revisions\/94794"}],"wp:featuredmedia":[{"embeddable":true,"href":"https:\/\/www.caririemacao.com\/1\/wp-json\/wp\/v2\/media\/94793"}],"wp:attachment":[{"href":"https:\/\/www.caririemacao.com\/1\/wp-json\/wp\/v2\/media?parent=94792"}],"wp:term":[{"taxonomy":"category","embeddable":true,"href":"https:\/\/www.caririemacao.com\/1\/wp-json\/wp\/v2\/categories?post=94792"},{"taxonomy":"post_tag","embeddable":true,"href":"https:\/\/www.caririemacao.com\/1\/wp-json\/wp\/v2\/tags?post=94792"}],"curies":[{"name":"wp","href":"https:\/\/api.w.org\/{rel}","templated":true}]}}