{"id":94798,"date":"2019-05-13T10:03:42","date_gmt":"2019-05-13T13:03:42","guid":{"rendered":"http:\/\/www.caririemacao.com\/1\/?p=94798"},"modified":"2019-05-13T10:03:42","modified_gmt":"2019-05-13T13:03:42","slug":"operacao-calvario-pode-virar-uma-lava-jato-diz-anisio-maia","status":"publish","type":"post","link":"https:\/\/www.caririemacao.com\/1\/2019\/05\/13\/operacao-calvario-pode-virar-uma-lava-jato-diz-anisio-maia\/","title":{"rendered":"\u201cOpera\u00e7\u00e3o Calv\u00e1rio pode virar uma Lava Jato\u201d, diz An\u00edsio Maia"},"content":{"rendered":"\n<p>De volta \u00e0 Assembleia Legislativa da Para\u00edba (ALPB), o deputado estadual An\u00edsio Maia (PT) disse temer que a Opera\u00e7\u00e3o Calv\u00e1rio se assemelhe com a Opera\u00e7\u00e3o Lava Jato, em que, segundo ele, v\u00e1rios inocentes foram presos. O petista argumentou que os m\u00e9todos das duas opera\u00e7\u00f5es s\u00e3o muito parecidos.<\/p>\n\n\n\n<p>\u201cA Opera\u00e7\u00e3o Calv\u00e1rio pode virar uma Lava Jato. Esse m\u00e9todo da dela\u00e7\u00e3o premiada \u00e9 um m\u00e9todo quase inquisitorial. \u00c9 um m\u00e9todo violento em que voc\u00ea pega uma pessoa, prende e faz o que quer com ela\u201d, argumentou.&nbsp;<\/p>\n\n\n\n<p><strong>Com Fonte 83<\/strong><\/p>\n","protected":false},"excerpt":{"rendered":"<p>De volta \u00e0 Assembleia Legislativa da Para\u00edba (ALPB), o deputado estadual An\u00edsio Maia (PT) disse temer que a Opera\u00e7\u00e3o Calv\u00e1rio se assemelhe com a Opera\u00e7\u00e3o&hellip; <\/p>\n","protected":false},"author":1,"featured_media":94799,"comment_status":"closed","ping_status":"closed","sticky":false,"template":"","format":"standard","meta":{"sfsi_plus_gutenberg_text_before_share":"","sfsi_plus_gutenberg_show_text_before_share":"","sfsi_plus_gutenberg_icon_type":"","sfsi_plus_gutenberg_icon_alignemt":"","sfsi_plus_gutenburg_max_per_row":"","footnotes":""},"categories":[11],"tags":[],"class_list":["post-94798","post","type-post","status-publish","format-standard","has-post-thumbnail","hentry","category-politica"],"_links":{"self":[{"href":"https:\/\/www.caririemacao.com\/1\/wp-json\/wp\/v2\/posts\/94798","targetHints":{"allow":["GET"]}}],"collection":[{"href":"https:\/\/www.caririemacao.com\/1\/wp-json\/wp\/v2\/posts"}],"about":[{"href":"https:\/\/www.caririemacao.com\/1\/wp-json\/wp\/v2\/types\/post"}],"author":[{"embeddable":true,"href":"https:\/\/www.caririemacao.com\/1\/wp-json\/wp\/v2\/users\/1"}],"replies":[{"embeddable":true,"href":"https:\/\/www.caririemacao.com\/1\/wp-json\/wp\/v2\/comments?post=94798"}],"version-history":[{"count":1,"href":"https:\/\/www.caririemacao.com\/1\/wp-json\/wp\/v2\/posts\/94798\/revisions"}],"predecessor-version":[{"id":94800,"href":"https:\/\/www.caririemacao.com\/1\/wp-json\/wp\/v2\/posts\/94798\/revisions\/94800"}],"wp:featuredmedia":[{"embeddable":true,"href":"https:\/\/www.caririemacao.com\/1\/wp-json\/wp\/v2\/media\/94799"}],"wp:attachment":[{"href":"https:\/\/www.caririemacao.com\/1\/wp-json\/wp\/v2\/media?parent=94798"}],"wp:term":[{"taxonomy":"category","embeddable":true,"href":"https:\/\/www.caririemacao.com\/1\/wp-json\/wp\/v2\/categories?post=94798"},{"taxonomy":"post_tag","embeddable":true,"href":"https:\/\/www.caririemacao.com\/1\/wp-json\/wp\/v2\/tags?post=94798"}],"curies":[{"name":"wp","href":"https:\/\/api.w.org\/{rel}","templated":true}]}}