{"id":94804,"date":"2019-05-13T10:21:22","date_gmt":"2019-05-13T13:21:22","guid":{"rendered":"http:\/\/www.caririemacao.com\/1\/?p=94804"},"modified":"2019-05-13T10:21:22","modified_gmt":"2019-05-13T13:21:22","slug":"acidente-em-rodovia-que-liga-sertania-a-custodia-deixa-feridos-e-um-morto","status":"publish","type":"post","link":"https:\/\/www.caririemacao.com\/1\/2019\/05\/13\/acidente-em-rodovia-que-liga-sertania-a-custodia-deixa-feridos-e-um-morto\/","title":{"rendered":"ACIDENTE EM RODOVIA QUE LIGA SERT\u00c2NIA A CUSTODIA DEIXA FERIDOS E UM MORTO"},"content":{"rendered":"\n<p>Neste domingo, por volta das 16:30 Horas um grave acidente envolvendo um ve\u00edculo vitimou o jovem Henrique, filho de Donga, irm\u00e3o do m\u00fasico e professor aposentado Charuto.<\/p>\n\n\n\n<p>As informa\u00e7\u00f5es, ainda imprecisas, d\u00e3o conta de que haviam mais seis pessoas no ve\u00edculo e que entre elas duas crian\u00e7as e que o acidente ocorreu na altura do trevo chamado de \u201cPedro Zumba\u201d. Mas ainda n\u00e3o se sabe o que ocasionou o acidente.<\/p>\n\n\n\n<p>Todas foram socorridas para o hospital local e devido aos ferimentos dever\u00e3o ser transferidas para outra cidade.<\/p>\n\n\n\n<p>H\u00e1 ainda a informa\u00e7\u00e3o de que ve\u00edculo seguia para a cidade de Cust\u00f3dia.<\/p>\n\n\n\n<p>Estamos aguardando mais informa\u00e7\u00f5es sobre o fato.<\/p>\n","protected":false},"excerpt":{"rendered":"<p>Neste domingo, por volta das 16:30 Horas um grave acidente envolvendo um ve\u00edculo vitimou o jovem Henrique, filho de Donga, irm\u00e3o do m\u00fasico e professor&hellip; <\/p>\n","protected":false},"author":1,"featured_media":94805,"comment_status":"closed","ping_status":"closed","sticky":false,"template":"","format":"standard","meta":{"sfsi_plus_gutenberg_text_before_share":"","sfsi_plus_gutenberg_show_text_before_share":"","sfsi_plus_gutenberg_icon_type":"","sfsi_plus_gutenberg_icon_alignemt":"","sfsi_plus_gutenburg_max_per_row":"","footnotes":""},"categories":[50,12],"tags":[],"class_list":["post-94804","post","type-post","status-publish","format-standard","has-post-thumbnail","hentry","category-destaque","category-policia"],"_links":{"self":[{"href":"https:\/\/www.caririemacao.com\/1\/wp-json\/wp\/v2\/posts\/94804","targetHints":{"allow":["GET"]}}],"collection":[{"href":"https:\/\/www.caririemacao.com\/1\/wp-json\/wp\/v2\/posts"}],"about":[{"href":"https:\/\/www.caririemacao.com\/1\/wp-json\/wp\/v2\/types\/post"}],"author":[{"embeddable":true,"href":"https:\/\/www.caririemacao.com\/1\/wp-json\/wp\/v2\/users\/1"}],"replies":[{"embeddable":true,"href":"https:\/\/www.caririemacao.com\/1\/wp-json\/wp\/v2\/comments?post=94804"}],"version-history":[{"count":1,"href":"https:\/\/www.caririemacao.com\/1\/wp-json\/wp\/v2\/posts\/94804\/revisions"}],"predecessor-version":[{"id":94806,"href":"https:\/\/www.caririemacao.com\/1\/wp-json\/wp\/v2\/posts\/94804\/revisions\/94806"}],"wp:featuredmedia":[{"embeddable":true,"href":"https:\/\/www.caririemacao.com\/1\/wp-json\/wp\/v2\/media\/94805"}],"wp:attachment":[{"href":"https:\/\/www.caririemacao.com\/1\/wp-json\/wp\/v2\/media?parent=94804"}],"wp:term":[{"taxonomy":"category","embeddable":true,"href":"https:\/\/www.caririemacao.com\/1\/wp-json\/wp\/v2\/categories?post=94804"},{"taxonomy":"post_tag","embeddable":true,"href":"https:\/\/www.caririemacao.com\/1\/wp-json\/wp\/v2\/tags?post=94804"}],"curies":[{"name":"wp","href":"https:\/\/api.w.org\/{rel}","templated":true}]}}