{"id":94810,"date":"2019-05-13T11:01:37","date_gmt":"2019-05-13T14:01:37","guid":{"rendered":"http:\/\/www.caririemacao.com\/1\/?p=94810"},"modified":"2019-05-13T11:01:37","modified_gmt":"2019-05-13T14:01:37","slug":"polemica-na-copa-cariri-de-futsal-sume-se-recusa-a-jogar-com-monteiro-por-causa-de-5-minutos-de-atraso-e-monteirense-e-eliminado-por-wo","status":"publish","type":"post","link":"https:\/\/www.caririemacao.com\/1\/2019\/05\/13\/polemica-na-copa-cariri-de-futsal-sume-se-recusa-a-jogar-com-monteiro-por-causa-de-5-minutos-de-atraso-e-monteirense-e-eliminado-por-wo\/","title":{"rendered":"Pol\u00eamica na Copa Cariri de futsal: Sum\u00e9 se recusa a jogar com Monteiro por causa de 5 minutos de atraso, e Monteirense \u00e9 eliminado por WO"},"content":{"rendered":"\n<p> O Monteirense foi eliminado da Copa Cariri de futsal 2019, na \u00faltima sexta feira por causa de 5 minutos de atraso na organiza\u00e7\u00e3o do local para a partida.<\/p>\n\n\n\n<p><br>Mesmo com as duas equipes prontas e a arbitragem em quadra, o treinador da Sele\u00e7\u00e3o de Sum\u00e9 Marcos de Sofia, se recusou a jogar alegando que havia passado 5 minutos do tempo estipulado pelo regulamento da competi\u00e7\u00e3o quando a quadra, que foi conseguida com muito esfor\u00e7o pela dire\u00e7\u00e3o do time de Monteiro ficou pronta para o jogo.<\/p>\n\n\n\n<p><br>Mesmo obedecendo o que manda o regulamento, a atitude do treinador sumeense causou lamenta\u00e7\u00e3o na dire\u00e7\u00e3o do time de Monteiro, pois o atraso foi por motivo superior.<\/p>\n\n\n\n<p><br>A partida estava marcada para a quadra do col\u00e9gio estadual, mas ao chegar ao local todos foram surpreendidos, pois a firma que vai fazer a reforma do col\u00e9gio, encheu a quadra de materiais e colocou um cadeado novo sem pr\u00e9vio aviso.<\/p>\n\n\n\n<p><br>A prefeitura de Monteiro ainda disponibilizou de \u00faltima hora a quadra do gin\u00e1sio O Chic\u00e3o, inclusive providenciando as traves, j\u00e1 que o gin\u00e1sio tamb\u00e9m passava por reformas.<\/p>\n\n\n\n<p><br>Quando as duas equipes foram para o local, por causa de 5 minutos a mais no prazo para o in\u00edcio da partida, o treinador da Sele\u00e7\u00e3o de Sum\u00e9 se recusou a jogar, e o time de Monteiro foi considerado perdedor por WO, sendo eliminado da competi\u00e7\u00e3o.<\/p>\n\n\n\n<p><br>\u201cMarcos o respons\u00e1vel da equipe de recusou a jogar, sabendo de todas nossas dificuldades e sabendo que n\u00e3o fomos culpados do ocorrido, lembrando que o pr\u00f3prio Marcos j\u00e1 foi treinador da nossa equipe por 2 anos sendo campe\u00e3o Monteirense em 2016 e tamb\u00e9m por j\u00e1 ter sido treinador e campe\u00e3o sumeense com nosso presidente Ton De Ziel e nosso atleta Rodolfo\u201d, lamentou a dire\u00e7\u00e3o do MONTEIRENSE.<\/p>\n\n\n\n<p><br>\u201cTamb\u00e9m na primeira fase, aceitamos e trocamos o mando de jogo por pedido do pr\u00f3prio Marcos e por causa de 5 minutos ele n\u00e3o quis que a partida se realizasse. Lamento<strong>.\u00a0<\/strong>Agrade\u00e7o ao secret\u00e1rio de esportes Rostand pelo esfor\u00e7o, \u00e0 torcida, aos parceiros, mas Sum\u00e9 n\u00e3o quis jogar\u201d, completou Ton de Ziel.<\/p>\n\n\n\n<p><br>F\u00c1BIO BRITO <\/p>\n","protected":false},"excerpt":{"rendered":"<p>O Monteirense foi eliminado da Copa Cariri de futsal 2019, na \u00faltima sexta feira por causa de 5 minutos de atraso na organiza\u00e7\u00e3o do local&hellip; <\/p>\n","protected":false},"author":1,"featured_media":94811,"comment_status":"closed","ping_status":"closed","sticky":false,"template":"","format":"standard","meta":{"sfsi_plus_gutenberg_text_before_share":"","sfsi_plus_gutenberg_show_text_before_share":"","sfsi_plus_gutenberg_icon_type":"","sfsi_plus_gutenberg_icon_alignemt":"","sfsi_plus_gutenburg_max_per_row":"","footnotes":""},"categories":[13],"tags":[],"class_list":["post-94810","post","type-post","status-publish","format-standard","has-post-thumbnail","hentry","category-esportes"],"_links":{"self":[{"href":"https:\/\/www.caririemacao.com\/1\/wp-json\/wp\/v2\/posts\/94810","targetHints":{"allow":["GET"]}}],"collection":[{"href":"https:\/\/www.caririemacao.com\/1\/wp-json\/wp\/v2\/posts"}],"about":[{"href":"https:\/\/www.caririemacao.com\/1\/wp-json\/wp\/v2\/types\/post"}],"author":[{"embeddable":true,"href":"https:\/\/www.caririemacao.com\/1\/wp-json\/wp\/v2\/users\/1"}],"replies":[{"embeddable":true,"href":"https:\/\/www.caririemacao.com\/1\/wp-json\/wp\/v2\/comments?post=94810"}],"version-history":[{"count":1,"href":"https:\/\/www.caririemacao.com\/1\/wp-json\/wp\/v2\/posts\/94810\/revisions"}],"predecessor-version":[{"id":94812,"href":"https:\/\/www.caririemacao.com\/1\/wp-json\/wp\/v2\/posts\/94810\/revisions\/94812"}],"wp:featuredmedia":[{"embeddable":true,"href":"https:\/\/www.caririemacao.com\/1\/wp-json\/wp\/v2\/media\/94811"}],"wp:attachment":[{"href":"https:\/\/www.caririemacao.com\/1\/wp-json\/wp\/v2\/media?parent=94810"}],"wp:term":[{"taxonomy":"category","embeddable":true,"href":"https:\/\/www.caririemacao.com\/1\/wp-json\/wp\/v2\/categories?post=94810"},{"taxonomy":"post_tag","embeddable":true,"href":"https:\/\/www.caririemacao.com\/1\/wp-json\/wp\/v2\/tags?post=94810"}],"curies":[{"name":"wp","href":"https:\/\/api.w.org\/{rel}","templated":true}]}}