{"id":94813,"date":"2019-05-13T11:05:42","date_gmt":"2019-05-13T14:05:42","guid":{"rendered":"http:\/\/www.caririemacao.com\/1\/?p=94813"},"modified":"2019-05-13T11:05:42","modified_gmt":"2019-05-13T14:05:42","slug":"no-cariri-policia-localiza-caminhao-roubado-com-carga-de-pneus-avaliada-em-r-114-mil","status":"publish","type":"post","link":"https:\/\/www.caririemacao.com\/1\/2019\/05\/13\/no-cariri-policia-localiza-caminhao-roubado-com-carga-de-pneus-avaliada-em-r-114-mil\/","title":{"rendered":"NO CARIRI: Pol\u00edcia localiza caminh\u00e3o roubado com carga de pneus avaliada em R$ 114 mil"},"content":{"rendered":"\n<p>A Pol\u00edcia Civil, em a\u00e7\u00e3o integrada com a Pol\u00edcia Militar da Para\u00edba, localizou neste domingo (12), nas proximidades do s\u00edtio Malhada, zona rural de S\u00e3o Jo\u00e3o do Cariri, um caminh\u00e3o que havia sido roubado no \u00faltimo dia 7 enquanto trafegava pela BR-230 nas imedia\u00e7\u00f5es do distrito Nazar\u00e9 de Pocinhos.<\/p>\n\n\n\n<p>Segundo o delegado Cristiano Santana, da Delegacia Seccional de Pol\u00edcia Civil de Monteiro, o trabalho foi realizado com apoio do destacamento da Pol\u00edcia Militar em Gurj\u00e3o e levou \u00e0 localiza\u00e7\u00e3o exata do caminh\u00e3o VW 8.160 de placas PCX 2324\/PE e parte de uma carga de pneus avaliada em R$ 114.000,00. \u201cDe acordo com os levantamos efetuados sobre o caso, chegamos \u00e0 informa\u00e7\u00e3o de que a carga pertence a uma empresa revendedora de pneus sediada em Pernambuco\u201d, revelou.<\/p>\n\n\n\n<p>Ainda segundo o delegado, o caminh\u00e3o e a carga foram roubados na \u00faltima ter\u00e7a-feira (7), enquanto trafegava na BR-230 nas proximidades do Distrito Nazar\u00e9 de Pocinhos. \u201cTanto o caminh\u00e3o, quanto os pneus recuperados j\u00e1 foram restitu\u00eddos ao seu propriet\u00e1rio\u201d, concluiu.<\/p>\n","protected":false},"excerpt":{"rendered":"<p>A Pol\u00edcia Civil, em a\u00e7\u00e3o integrada com a Pol\u00edcia Militar da Para\u00edba, localizou neste domingo (12), nas proximidades do s\u00edtio Malhada, zona rural de S\u00e3o&hellip; <\/p>\n","protected":false},"author":1,"featured_media":86038,"comment_status":"closed","ping_status":"closed","sticky":false,"template":"","format":"standard","meta":{"sfsi_plus_gutenberg_text_before_share":"","sfsi_plus_gutenberg_show_text_before_share":"","sfsi_plus_gutenberg_icon_type":"","sfsi_plus_gutenberg_icon_alignemt":"","sfsi_plus_gutenburg_max_per_row":"","footnotes":""},"categories":[12],"tags":[],"class_list":["post-94813","post","type-post","status-publish","format-standard","has-post-thumbnail","hentry","category-policia"],"_links":{"self":[{"href":"https:\/\/www.caririemacao.com\/1\/wp-json\/wp\/v2\/posts\/94813","targetHints":{"allow":["GET"]}}],"collection":[{"href":"https:\/\/www.caririemacao.com\/1\/wp-json\/wp\/v2\/posts"}],"about":[{"href":"https:\/\/www.caririemacao.com\/1\/wp-json\/wp\/v2\/types\/post"}],"author":[{"embeddable":true,"href":"https:\/\/www.caririemacao.com\/1\/wp-json\/wp\/v2\/users\/1"}],"replies":[{"embeddable":true,"href":"https:\/\/www.caririemacao.com\/1\/wp-json\/wp\/v2\/comments?post=94813"}],"version-history":[{"count":1,"href":"https:\/\/www.caririemacao.com\/1\/wp-json\/wp\/v2\/posts\/94813\/revisions"}],"predecessor-version":[{"id":94814,"href":"https:\/\/www.caririemacao.com\/1\/wp-json\/wp\/v2\/posts\/94813\/revisions\/94814"}],"wp:featuredmedia":[{"embeddable":true,"href":"https:\/\/www.caririemacao.com\/1\/wp-json\/wp\/v2\/media\/86038"}],"wp:attachment":[{"href":"https:\/\/www.caririemacao.com\/1\/wp-json\/wp\/v2\/media?parent=94813"}],"wp:term":[{"taxonomy":"category","embeddable":true,"href":"https:\/\/www.caririemacao.com\/1\/wp-json\/wp\/v2\/categories?post=94813"},{"taxonomy":"post_tag","embeddable":true,"href":"https:\/\/www.caririemacao.com\/1\/wp-json\/wp\/v2\/tags?post=94813"}],"curies":[{"name":"wp","href":"https:\/\/api.w.org\/{rel}","templated":true}]}}