{"id":94815,"date":"2019-05-13T11:16:57","date_gmt":"2019-05-13T14:16:57","guid":{"rendered":"http:\/\/www.caririemacao.com\/1\/?p=94815"},"modified":"2019-05-13T11:16:57","modified_gmt":"2019-05-13T14:16:57","slug":"enem-2019-inscricoes-encerram-na-sexta-feira-17","status":"publish","type":"post","link":"https:\/\/www.caririemacao.com\/1\/2019\/05\/13\/enem-2019-inscricoes-encerram-na-sexta-feira-17\/","title":{"rendered":"Enem 2019: inscri\u00e7\u00f5es encerram na sexta-feira (17)"},"content":{"rendered":"\n<p>Quem ainda n\u00e3o se inscreveu para o Exame Nacional do Ensino M\u00e9dio (Enem) 2019 tem at\u00e9 a pr\u00f3xima sexta-feira (17) para fazer a&nbsp;<a href=\"https:\/\/enem.inep.gov.br\/participante\/#!\/\" target=\"_blank\" rel=\"noreferrer noopener\">inscri\u00e7\u00e3o<\/a>&nbsp;pela internet. No dia 17 tamb\u00e9m encerra o prazo para solicitar atendimento especializado e espec\u00edfico e para alterar dados cadastrais, munic\u00edpio de provas e op\u00e7\u00e3o de l\u00edngua estrangeira.<\/p>\n\n\n\n<p>A taxa de inscri\u00e7\u00e3o para o Enem \u00e9 de R$ 85. Quem n\u00e3o tem isen\u00e7\u00e3o de taxa deve fazer o pagamento at\u00e9 o dia 23 de maio. O prazo para pedidos de atendimento por nome social vai de 20 e 24 de maio. As provas do Enem ser\u00e3o aplicadas em dois domingos, 3 e 10 de novembro.<\/p>\n\n\n\n<p>Quem j\u00e1 concluiu o ensino m\u00e9dio ou vai concluir este ano pode usar as notas do Enem, por exemplo, para se inscrever em programas de acesso \u00e0 educa\u00e7\u00e3o superior como o Sistema de Sele\u00e7\u00e3o Unificada (Sisu) e o Programa Universidade para Todos (ProUni) ou de financiamento estudantil.<\/p>\n\n\n\n<p>A prova tamb\u00e9m pode ser feita pelos estudantes que v\u00e3o concluir o ensino m\u00e9dio depois de 2019, mas nesse caso os resultados servem somente para autoavalia\u00e7\u00e3o, sem possibilidade de concorrer a vagas ou a bolsas de estudo.<\/p>\n\n\n\n<h2 class=\"wp-block-heading\">Estudo<\/h2>\n\n\n\n<p>Para refor\u00e7ar o conhecimento dos candidatos, a&nbsp;<strong>Empresa Brasil de Comunica\u00e7\u00e3o<\/strong>(EBC) oferece v\u00e1rias estrat\u00e9gias gratuitas, como o&nbsp;<a href=\"http:\/\/questoesenem.ebc.com.br\/\" target=\"_blank\" rel=\"noreferrer noopener\">Quest\u00f5es Enem<\/a>, no qual os estudantes t\u00eam acesso a um atualizado banco de dados que re\u00fane provas de 2009 at\u00e9 2018. O&nbsp;<em>site<\/em>&nbsp;permite a resolu\u00e7\u00e3o das quest\u00f5es&nbsp;<em>online<\/em>, com o recebimento do gabarito.<\/p>\n\n\n\n<p>J\u00e1 pelo perfil<a href=\"http:\/\/www.ebc.com.br\/ebc-na-rede\" target=\"_blank\" rel=\"noreferrer noopener\">&nbsp;<strong>EBC<\/strong>&nbsp;na Rede<\/a>, \u00e9 poss\u00edvel acompanhar a s\u00e9rie<a href=\"https:\/\/twitter.com\/hashtag\/CaiuNoEnem?src=hash\" target=\"_blank\" rel=\"noreferrer noopener\">&nbsp;Caiu no Enem<\/a>. O desafio \u00e9 responder no fim de semana \u00e0 quest\u00e3o publicada na sexta-feira. Na segunda-feira, um professor responde ao questionamento. A s\u00e9rie fica at\u00e9 a semana que antecede ao exame de 2019. Para ter acesso aos v\u00eddeos com as respostas, basta se inscrever no&nbsp;<\/p>\n","protected":false},"excerpt":{"rendered":"<p>Quem ainda n\u00e3o se inscreveu para o Exame Nacional do Ensino M\u00e9dio (Enem) 2019 tem at\u00e9 a pr\u00f3xima sexta-feira (17) para fazer a&nbsp;inscri\u00e7\u00e3o&nbsp;pela internet. No&hellip; <\/p>\n","protected":false},"author":1,"featured_media":89198,"comment_status":"closed","ping_status":"closed","sticky":false,"template":"","format":"standard","meta":{"sfsi_plus_gutenberg_text_before_share":"","sfsi_plus_gutenberg_show_text_before_share":"","sfsi_plus_gutenberg_icon_type":"","sfsi_plus_gutenberg_icon_alignemt":"","sfsi_plus_gutenburg_max_per_row":"","footnotes":""},"categories":[14],"tags":[],"class_list":["post-94815","post","type-post","status-publish","format-standard","has-post-thumbnail","hentry","category-educacao"],"_links":{"self":[{"href":"https:\/\/www.caririemacao.com\/1\/wp-json\/wp\/v2\/posts\/94815","targetHints":{"allow":["GET"]}}],"collection":[{"href":"https:\/\/www.caririemacao.com\/1\/wp-json\/wp\/v2\/posts"}],"about":[{"href":"https:\/\/www.caririemacao.com\/1\/wp-json\/wp\/v2\/types\/post"}],"author":[{"embeddable":true,"href":"https:\/\/www.caririemacao.com\/1\/wp-json\/wp\/v2\/users\/1"}],"replies":[{"embeddable":true,"href":"https:\/\/www.caririemacao.com\/1\/wp-json\/wp\/v2\/comments?post=94815"}],"version-history":[{"count":1,"href":"https:\/\/www.caririemacao.com\/1\/wp-json\/wp\/v2\/posts\/94815\/revisions"}],"predecessor-version":[{"id":94816,"href":"https:\/\/www.caririemacao.com\/1\/wp-json\/wp\/v2\/posts\/94815\/revisions\/94816"}],"wp:featuredmedia":[{"embeddable":true,"href":"https:\/\/www.caririemacao.com\/1\/wp-json\/wp\/v2\/media\/89198"}],"wp:attachment":[{"href":"https:\/\/www.caririemacao.com\/1\/wp-json\/wp\/v2\/media?parent=94815"}],"wp:term":[{"taxonomy":"category","embeddable":true,"href":"https:\/\/www.caririemacao.com\/1\/wp-json\/wp\/v2\/categories?post=94815"},{"taxonomy":"post_tag","embeddable":true,"href":"https:\/\/www.caririemacao.com\/1\/wp-json\/wp\/v2\/tags?post=94815"}],"curies":[{"name":"wp","href":"https:\/\/api.w.org\/{rel}","templated":true}]}}