{"id":94819,"date":"2019-05-13T11:24:48","date_gmt":"2019-05-13T14:24:48","guid":{"rendered":"http:\/\/www.caririemacao.com\/1\/?p=94819"},"modified":"2019-05-13T11:24:48","modified_gmt":"2019-05-13T14:24:48","slug":"paraiba-registra-queda-de-24-de-assassinatos-no-primeiro-trimestre-deste-ano","status":"publish","type":"post","link":"https:\/\/www.caririemacao.com\/1\/2019\/05\/13\/paraiba-registra-queda-de-24-de-assassinatos-no-primeiro-trimestre-deste-ano\/","title":{"rendered":"Para\u00edba registra queda de 24% de assassinatos no primeiro trimestre deste ano"},"content":{"rendered":"\n<p>O n\u00famero de mortes violentas na Para\u00edba caiu 24% no primeiro trimestre deste ano em rela\u00e7\u00e3o ao mesmo per\u00edodo do ano passado. De acordo com o levantamento, no primeiro trimestre de 2019 houve 319 mortes violentas, contra 242 no mesmo per\u00edodo de 2018. O \u00edndice faz parte do Monitor da Viol\u00eancia feito pelo portal G1 e pelo N\u00facleo de Estudos da Viol\u00eancia da USP.<\/p>\n\n\n\n<p>O n\u00famero representa 77 mortes a menos entre 2018 e 2019. O estado registrou, em mar\u00e7o de 2019, 79 assassinatos, o mesmo n\u00famero verificado em janeiro; em fevereiro, foram notificadas 84 mortes violentas.<\/p>\n","protected":false},"excerpt":{"rendered":"<p>O n\u00famero de mortes violentas na Para\u00edba caiu 24% no primeiro trimestre deste ano em rela\u00e7\u00e3o ao mesmo per\u00edodo do ano passado. De acordo com&hellip; <\/p>\n","protected":false},"author":1,"featured_media":86038,"comment_status":"closed","ping_status":"closed","sticky":false,"template":"","format":"standard","meta":{"sfsi_plus_gutenberg_text_before_share":"","sfsi_plus_gutenberg_show_text_before_share":"","sfsi_plus_gutenberg_icon_type":"","sfsi_plus_gutenberg_icon_alignemt":"","sfsi_plus_gutenburg_max_per_row":"","footnotes":""},"categories":[50,12],"tags":[],"class_list":["post-94819","post","type-post","status-publish","format-standard","has-post-thumbnail","hentry","category-destaque","category-policia"],"_links":{"self":[{"href":"https:\/\/www.caririemacao.com\/1\/wp-json\/wp\/v2\/posts\/94819","targetHints":{"allow":["GET"]}}],"collection":[{"href":"https:\/\/www.caririemacao.com\/1\/wp-json\/wp\/v2\/posts"}],"about":[{"href":"https:\/\/www.caririemacao.com\/1\/wp-json\/wp\/v2\/types\/post"}],"author":[{"embeddable":true,"href":"https:\/\/www.caririemacao.com\/1\/wp-json\/wp\/v2\/users\/1"}],"replies":[{"embeddable":true,"href":"https:\/\/www.caririemacao.com\/1\/wp-json\/wp\/v2\/comments?post=94819"}],"version-history":[{"count":1,"href":"https:\/\/www.caririemacao.com\/1\/wp-json\/wp\/v2\/posts\/94819\/revisions"}],"predecessor-version":[{"id":94820,"href":"https:\/\/www.caririemacao.com\/1\/wp-json\/wp\/v2\/posts\/94819\/revisions\/94820"}],"wp:featuredmedia":[{"embeddable":true,"href":"https:\/\/www.caririemacao.com\/1\/wp-json\/wp\/v2\/media\/86038"}],"wp:attachment":[{"href":"https:\/\/www.caririemacao.com\/1\/wp-json\/wp\/v2\/media?parent=94819"}],"wp:term":[{"taxonomy":"category","embeddable":true,"href":"https:\/\/www.caririemacao.com\/1\/wp-json\/wp\/v2\/categories?post=94819"},{"taxonomy":"post_tag","embeddable":true,"href":"https:\/\/www.caririemacao.com\/1\/wp-json\/wp\/v2\/tags?post=94819"}],"curies":[{"name":"wp","href":"https:\/\/api.w.org\/{rel}","templated":true}]}}