{"id":94821,"date":"2019-05-13T11:34:45","date_gmt":"2019-05-13T14:34:45","guid":{"rendered":"http:\/\/www.caririemacao.com\/1\/?p=94821"},"modified":"2019-05-13T11:34:45","modified_gmt":"2019-05-13T14:34:45","slug":"pelo-7-ano-seguido-prefeitura-de-gurjao-realiza-uma-grande-festa-para-as-maes-do-municipio","status":"publish","type":"post","link":"https:\/\/www.caririemacao.com\/1\/2019\/05\/13\/pelo-7-ano-seguido-prefeitura-de-gurjao-realiza-uma-grande-festa-para-as-maes-do-municipio\/","title":{"rendered":"Pelo 7\u00b0 ano seguido Prefeitura de Gurj\u00e3o realiza uma grande festa para as m\u00e3es do munic\u00edpio."},"content":{"rendered":"\n<p>Na noite da \u00faltima sexta (10), a prefeitura de Gurj\u00e3o atrav\u00e9s da Secretaria de Assist\u00eancia Social \u00a0realizou um evento bel\u00edssimo, voltado para as m\u00e3es da cidade o evento como aproximadamente 1.000 m\u00e3es.<\/p>\n\n\n\n<figure class=\"wp-block-image\"><img fetchpriority=\"high\" decoding=\"async\" width=\"1024\" height=\"683\" src=\"http:\/\/www.caririemacao.com\/1\/wp-content\/uploads\/2019\/05\/IMG_1873-1024x683.jpg\" alt=\"\" class=\"wp-image-94822\" srcset=\"https:\/\/www.caririemacao.com\/1\/wp-content\/uploads\/2019\/05\/IMG_1873-1024x683.jpg 1024w, https:\/\/www.caririemacao.com\/1\/wp-content\/uploads\/2019\/05\/IMG_1873-300x200.jpg 300w, https:\/\/www.caririemacao.com\/1\/wp-content\/uploads\/2019\/05\/IMG_1873-768x512.jpg 768w\" sizes=\"(max-width: 1024px) 100vw, 1024px\" \/><\/figure>\n\n\n\n<p><br>O evento foi realizado na creche municipal que contou com sua nova ilumina\u00e7\u00e3o a gest\u00e3o do Prefeito Ronaldo sempre realiza eventos na mesma e fez o investimentos de l\u00e2mpada de led ,a festa das m\u00e3es contou com apresenta\u00e7\u00e3o do servi\u00e7o de conviv\u00eancia , musica ao vivo com Eduardo Azevedo e um maravilhoso jantar para todos presentes e brindes para todas as m\u00e3es.<\/p>\n\n\n\n<p><br>O prefeito Ronaldo Queiroz &nbsp;destacou os servi\u00e7os que s\u00e3o realizados para aquelas mulheres. \u201cHumaniza\u00e7\u00e3o! Essa palavra e suas a\u00e7\u00f5es est\u00e3o sempre presentes em nossa gest\u00e3o, estamos trabalhando em todas as \u00e1reas, e no social com um trabalho diferenciado de atendimento a popula\u00e7\u00e3o\u201d. Afirmou o prefeito Ronaldo Queiroz , alem do Prefeito estiveram presente a Vice Prefeita T\u00e9rcia Borges , Secret\u00e1rios e Vereadores.<\/p>\n\n\n\n<p>&#8221; Agradecer a Deus pelo dom da vida de cada m\u00e3e gurj\u00e3oense e pela presen\u00e7a maci\u00e7a de todos ,em seus semblantes vejo o sentimento mais profundo de uma amor carnal de quem s\u00f3 \u00e9 m\u00e3e entende,agradecer o prefeito Ronaldo pelo empenho e pelo esfor\u00e7o em proporcionar uma festa t\u00e3o bonita que j\u00e1 se tornou tradi\u00e7\u00e3o em nosso munic\u00edpio,aos colegas secret\u00e1rios na pessoa de F\u00e1bio Coutinho pela ajuda e parceria a toda equipe da secretaria. Pedir a Deus que aben\u00e7oe e ilumine todas as m\u00e3es e lares de Gurj\u00e3o .&#8221; Macielma Farias.<\/p>\n","protected":false},"excerpt":{"rendered":"<p>Na noite da \u00faltima sexta (10), a prefeitura de Gurj\u00e3o atrav\u00e9s da Secretaria de Assist\u00eancia Social \u00a0realizou um evento bel\u00edssimo, voltado para as m\u00e3es da&hellip; <\/p>\n","protected":false},"author":1,"featured_media":94823,"comment_status":"closed","ping_status":"closed","sticky":false,"template":"","format":"standard","meta":{"sfsi_plus_gutenberg_text_before_share":"","sfsi_plus_gutenberg_show_text_before_share":"","sfsi_plus_gutenberg_icon_type":"","sfsi_plus_gutenberg_icon_alignemt":"","sfsi_plus_gutenburg_max_per_row":"","footnotes":""},"categories":[6],"tags":[],"class_list":["post-94821","post","type-post","status-publish","format-standard","has-post-thumbnail","hentry","category-cidades"],"_links":{"self":[{"href":"https:\/\/www.caririemacao.com\/1\/wp-json\/wp\/v2\/posts\/94821","targetHints":{"allow":["GET"]}}],"collection":[{"href":"https:\/\/www.caririemacao.com\/1\/wp-json\/wp\/v2\/posts"}],"about":[{"href":"https:\/\/www.caririemacao.com\/1\/wp-json\/wp\/v2\/types\/post"}],"author":[{"embeddable":true,"href":"https:\/\/www.caririemacao.com\/1\/wp-json\/wp\/v2\/users\/1"}],"replies":[{"embeddable":true,"href":"https:\/\/www.caririemacao.com\/1\/wp-json\/wp\/v2\/comments?post=94821"}],"version-history":[{"count":1,"href":"https:\/\/www.caririemacao.com\/1\/wp-json\/wp\/v2\/posts\/94821\/revisions"}],"predecessor-version":[{"id":94824,"href":"https:\/\/www.caririemacao.com\/1\/wp-json\/wp\/v2\/posts\/94821\/revisions\/94824"}],"wp:featuredmedia":[{"embeddable":true,"href":"https:\/\/www.caririemacao.com\/1\/wp-json\/wp\/v2\/media\/94823"}],"wp:attachment":[{"href":"https:\/\/www.caririemacao.com\/1\/wp-json\/wp\/v2\/media?parent=94821"}],"wp:term":[{"taxonomy":"category","embeddable":true,"href":"https:\/\/www.caririemacao.com\/1\/wp-json\/wp\/v2\/categories?post=94821"},{"taxonomy":"post_tag","embeddable":true,"href":"https:\/\/www.caririemacao.com\/1\/wp-json\/wp\/v2\/tags?post=94821"}],"curies":[{"name":"wp","href":"https:\/\/api.w.org\/{rel}","templated":true}]}}