{"id":94825,"date":"2019-05-13T11:39:43","date_gmt":"2019-05-13T14:39:43","guid":{"rendered":"http:\/\/www.caririemacao.com\/1\/?p=94825"},"modified":"2019-05-13T11:39:43","modified_gmt":"2019-05-13T14:39:43","slug":"prefeitura-de-sume-prorroga-prazo-de-inscricoes-de-processo-seletivo-para-professor-de-historia","status":"publish","type":"post","link":"https:\/\/www.caririemacao.com\/1\/2019\/05\/13\/prefeitura-de-sume-prorroga-prazo-de-inscricoes-de-processo-seletivo-para-professor-de-historia\/","title":{"rendered":"Prefeitura de Sum\u00e9 prorroga prazo de inscri\u00e7\u00f5es de Processo Seletivo para professor de Hist\u00f3ria"},"content":{"rendered":"\n<p>A Prefeitura de Sum\u00e9 prorrogou as inscri\u00e7\u00f5es do Processo Seletivo Simplificado n\u00b0 07\/2019 para professor de Hist\u00f3ria com vistas \u00e0 forma\u00e7\u00e3o de cadastro de reserva. As inscri\u00e7\u00f5es v\u00e3o at\u00e9 o dia 15 de maio, sendo feitas na Secretaria Municipal de Educa\u00e7\u00e3o, das 08h \u00e0s 14h.&nbsp; O profissional selecionado atuar\u00e1 no Ensino Fundamental II.<\/p>\n\n\n\n<p>O processo de sele\u00e7\u00e3o ser\u00e1 constitu\u00eddo de etapa \u00fanica (car\u00e1ter eliminat\u00f3rio e classificat\u00f3rio) \u2013&nbsp;<strong>an\u00e1lise curricular<\/strong>.<\/p>\n\n\n\n<p>No ato da inscri\u00e7\u00e3o, o candidato dever\u00e1 preencher o formul\u00e1rio e entregar o curr\u00edculo acompanhado da documenta\u00e7\u00e3o comprobat\u00f3ria que ser\u00e1 devidamente autenticada pela comiss\u00e3o ou representante da administra\u00e7\u00e3o designado.<\/p>\n\n\n\n<p>O edital com todas as informa\u00e7\u00f5es do Processo Seletivo consta no Boletim Oficial do Munic\u00edpio do dia 08 de maio de 2019 e do dia 10 maio de 2019.<\/p>\n\n\n\n<div class=\"wp-block-file\"><a href=\"http:\/\/www.caririemacao.com\/1\/wp-content\/uploads\/2019\/05\/EDI\u00c7\u00c3O-10-DE-MAIO-DE-2019.pdf\">EDI\u00c7\u00c3O &#8211; 10 DE MAIO DE 2019<\/a><a href=\"http:\/\/www.caririemacao.com\/1\/wp-content\/uploads\/2019\/05\/EDI\u00c7\u00c3O-10-DE-MAIO-DE-2019.pdf\" class=\"wp-block-file__button\" download>Baixar<\/a><\/div>\n\n\n\n<p><\/p>\n","protected":false},"excerpt":{"rendered":"<p>A Prefeitura de Sum\u00e9 prorrogou as inscri\u00e7\u00f5es do Processo Seletivo Simplificado n\u00b0 07\/2019 para professor de Hist\u00f3ria com vistas \u00e0 forma\u00e7\u00e3o de cadastro de reserva.&hellip; <\/p>\n","protected":false},"author":1,"featured_media":88388,"comment_status":"closed","ping_status":"closed","sticky":false,"template":"","format":"standard","meta":{"sfsi_plus_gutenberg_text_before_share":"","sfsi_plus_gutenberg_show_text_before_share":"","sfsi_plus_gutenberg_icon_type":"","sfsi_plus_gutenberg_icon_alignemt":"","sfsi_plus_gutenburg_max_per_row":"","footnotes":""},"categories":[6,50],"tags":[],"class_list":["post-94825","post","type-post","status-publish","format-standard","has-post-thumbnail","hentry","category-cidades","category-destaque"],"_links":{"self":[{"href":"https:\/\/www.caririemacao.com\/1\/wp-json\/wp\/v2\/posts\/94825","targetHints":{"allow":["GET"]}}],"collection":[{"href":"https:\/\/www.caririemacao.com\/1\/wp-json\/wp\/v2\/posts"}],"about":[{"href":"https:\/\/www.caririemacao.com\/1\/wp-json\/wp\/v2\/types\/post"}],"author":[{"embeddable":true,"href":"https:\/\/www.caririemacao.com\/1\/wp-json\/wp\/v2\/users\/1"}],"replies":[{"embeddable":true,"href":"https:\/\/www.caririemacao.com\/1\/wp-json\/wp\/v2\/comments?post=94825"}],"version-history":[{"count":1,"href":"https:\/\/www.caririemacao.com\/1\/wp-json\/wp\/v2\/posts\/94825\/revisions"}],"predecessor-version":[{"id":94827,"href":"https:\/\/www.caririemacao.com\/1\/wp-json\/wp\/v2\/posts\/94825\/revisions\/94827"}],"wp:featuredmedia":[{"embeddable":true,"href":"https:\/\/www.caririemacao.com\/1\/wp-json\/wp\/v2\/media\/88388"}],"wp:attachment":[{"href":"https:\/\/www.caririemacao.com\/1\/wp-json\/wp\/v2\/media?parent=94825"}],"wp:term":[{"taxonomy":"category","embeddable":true,"href":"https:\/\/www.caririemacao.com\/1\/wp-json\/wp\/v2\/categories?post=94825"},{"taxonomy":"post_tag","embeddable":true,"href":"https:\/\/www.caririemacao.com\/1\/wp-json\/wp\/v2\/tags?post=94825"}],"curies":[{"name":"wp","href":"https:\/\/api.w.org\/{rel}","templated":true}]}}