{"id":94828,"date":"2019-05-13T11:49:14","date_gmt":"2019-05-13T14:49:14","guid":{"rendered":"http:\/\/www.caririemacao.com\/1\/?p=94828"},"modified":"2019-05-13T11:49:14","modified_gmt":"2019-05-13T14:49:14","slug":"educacao-de-sume-promovera-1-workshop-sobre-autismo","status":"publish","type":"post","link":"https:\/\/www.caririemacao.com\/1\/2019\/05\/13\/educacao-de-sume-promovera-1-workshop-sobre-autismo\/","title":{"rendered":"Educa\u00e7\u00e3o de Sum\u00e9 promover\u00e1 1\u00b0 workshop sobre autismo"},"content":{"rendered":"\n<p>A Secretaria Municipal de Educa\u00e7\u00e3o de Sum\u00e9 est\u00e1 com inscri\u00e7\u00f5es abertas para o 1\u00b0 Workshop: Falando Sobre Autismo.<\/p>\n\n\n\n<p>As inscri\u00e7\u00f5es v\u00e3o at\u00e9 a pr\u00f3xima quarta-feira (15) e devem ser feitas online, atrav\u00e9s do link:&nbsp;&nbsp;<a href=\"https:\/\/forms.gle\/PxGXahHqM5CvgSrc9\" target=\"_blank\" rel=\"noreferrer noopener\">https:\/\/forms.gle\/PxGXahHqM5CvgSrc9<\/a>.<\/p>\n\n\n\n<p>O workshop est\u00e1 aberto a quem quiser participar e acontecer\u00e1 no dia 20 de maio, a partir das 08h30, no Gin\u00e1sio Poliesportivo O Ded\u00e3o (ao lado da Escola Z\u00e9lia Braz).<\/p>\n\n\n\n<p>O evento ter\u00e1 como palestrantes a Dr\u00aa Ana Paula Chacur, gestora da Chacur e Chacur Educa\u00e7\u00e3o e Diversidade, que traz o tema: \u201cAutismo: da maternidade \u00e0s pol\u00edticas p\u00fablicas\u201d.<\/p>\n\n\n\n<p>Tamb\u00e9m ter\u00e1 a participa\u00e7\u00e3o de Graciela Pignatari, doutora em Biologia Molecular pela Unifesp e participante da primeira ONG de pesquisa cient\u00edfica de autismo no Brasil. O seu tema ser\u00e1: \u201cA contribui\u00e7\u00e3o da gen\u00e9tica e a modelagem de doen\u00e7as no transtorno do espectro do autismo\u201d.<\/p>\n","protected":false},"excerpt":{"rendered":"<p>A Secretaria Municipal de Educa\u00e7\u00e3o de Sum\u00e9 est\u00e1 com inscri\u00e7\u00f5es abertas para o 1\u00b0 Workshop: Falando Sobre Autismo. As inscri\u00e7\u00f5es v\u00e3o at\u00e9 a pr\u00f3xima quarta-feira&hellip; <\/p>\n","protected":false},"author":1,"featured_media":94829,"comment_status":"closed","ping_status":"closed","sticky":false,"template":"","format":"standard","meta":{"sfsi_plus_gutenberg_text_before_share":"","sfsi_plus_gutenberg_show_text_before_share":"","sfsi_plus_gutenberg_icon_type":"","sfsi_plus_gutenberg_icon_alignemt":"","sfsi_plus_gutenburg_max_per_row":"","footnotes":""},"categories":[6],"tags":[],"class_list":["post-94828","post","type-post","status-publish","format-standard","has-post-thumbnail","hentry","category-cidades"],"_links":{"self":[{"href":"https:\/\/www.caririemacao.com\/1\/wp-json\/wp\/v2\/posts\/94828","targetHints":{"allow":["GET"]}}],"collection":[{"href":"https:\/\/www.caririemacao.com\/1\/wp-json\/wp\/v2\/posts"}],"about":[{"href":"https:\/\/www.caririemacao.com\/1\/wp-json\/wp\/v2\/types\/post"}],"author":[{"embeddable":true,"href":"https:\/\/www.caririemacao.com\/1\/wp-json\/wp\/v2\/users\/1"}],"replies":[{"embeddable":true,"href":"https:\/\/www.caririemacao.com\/1\/wp-json\/wp\/v2\/comments?post=94828"}],"version-history":[{"count":1,"href":"https:\/\/www.caririemacao.com\/1\/wp-json\/wp\/v2\/posts\/94828\/revisions"}],"predecessor-version":[{"id":94830,"href":"https:\/\/www.caririemacao.com\/1\/wp-json\/wp\/v2\/posts\/94828\/revisions\/94830"}],"wp:featuredmedia":[{"embeddable":true,"href":"https:\/\/www.caririemacao.com\/1\/wp-json\/wp\/v2\/media\/94829"}],"wp:attachment":[{"href":"https:\/\/www.caririemacao.com\/1\/wp-json\/wp\/v2\/media?parent=94828"}],"wp:term":[{"taxonomy":"category","embeddable":true,"href":"https:\/\/www.caririemacao.com\/1\/wp-json\/wp\/v2\/categories?post=94828"},{"taxonomy":"post_tag","embeddable":true,"href":"https:\/\/www.caririemacao.com\/1\/wp-json\/wp\/v2\/tags?post=94828"}],"curies":[{"name":"wp","href":"https:\/\/api.w.org\/{rel}","templated":true}]}}