{"id":94831,"date":"2019-05-13T11:53:09","date_gmt":"2019-05-13T14:53:09","guid":{"rendered":"http:\/\/www.caririemacao.com\/1\/?p=94831"},"modified":"2019-05-13T11:53:09","modified_gmt":"2019-05-13T14:53:09","slug":"estudantes-do-cdsa-ufcg-sao-classificados-para-jogos-brasileiros-universitarios-na-modadlidade-judo","status":"publish","type":"post","link":"https:\/\/www.caririemacao.com\/1\/2019\/05\/13\/estudantes-do-cdsa-ufcg-sao-classificados-para-jogos-brasileiros-universitarios-na-modadlidade-judo\/","title":{"rendered":"Estudantes do CDSA\/UFCG s\u00e3o classificados para Jogos Brasileiros Universit\u00e1rios na modadlidade Jud\u00f4"},"content":{"rendered":"\n<p>A classifica\u00e7\u00e3o veio ap\u00f3s a conquista de medalhas nos Jogos Paraibanos Universit\u00e1rios.<\/p>\n\n\n\n<p>Quatro atletas do Centro de Desenvolvimento Sustent\u00e1vel do Semi\u00e1rido da Universidade Federal de Campina Grande \u2013 Campus Sum\u00e9 conquistaram medalhas na modalidade Jud\u00f4 durante suas participa\u00e7\u00f5es nos Jogos Paraibanos Universit\u00e1rios \u2013 JUP&#8217;S.<\/p>\n\n\n\n<p>Os estudantes premiados foram: Caroline Freitas (Engenharia de Biotecnologia e Bioprocessos), 1\u00b0 lugar na categoria at\u00e9 57 Kg; Vanessa Ferreira (Engenharia de Biotecnologia e Bioprocessos), 1\u00b0 Lugar na at\u00e9 48 Kg, Thainar Costa (Engenharia de Biotecnologia e Bioprocessos), 1\u00b0 lugar na acima de 78Kg; e Augusto Jorge (Engenharia de Biossistemas), 2\u00b0 lugar na categoria at\u00e9 81 kg.<\/p>\n\n\n\n<p>Os resultados obtidos nos JUP&#8217;S classificam os atletas para os Jogos Brasileiros Universit\u00e1rios \u2013 JUB&#8217;S, evento programado para acontecer em outubro deste ano, na cidade de Salvador-BA.<\/p>\n\n\n\n<p>Na categoria feminino, por ter tr\u00eas atletas medalhistas nesta etapa, o grupo conseguiu a classifica\u00e7\u00e3o para disputar a pr\u00f3xima etapa por equipe. Esta ser\u00e1 a primeira vez que a UFCG ir\u00e1 competir por equipes, nesta modalidade.<\/p>\n\n\n\n<p>Os atletas s\u00e3o treitados pelo Sensei Luciano Correia e todos foram alunos da primeira turma do projeto de extens\u00e3o \u201cPrograma Ol\u00edmpico do Cariri \u2013 Prolcariri\u201d, do CDSA\/UFCG.<\/p>\n\n\n\n<p>(Rosenato Barreto &#8211; Assimp CDSA\/UFCG)<\/p>\n","protected":false},"excerpt":{"rendered":"<p>A classifica\u00e7\u00e3o veio ap\u00f3s a conquista de medalhas nos Jogos Paraibanos Universit\u00e1rios. Quatro atletas do Centro de Desenvolvimento Sustent\u00e1vel do Semi\u00e1rido da Universidade Federal de&hellip; <\/p>\n","protected":false},"author":1,"featured_media":94832,"comment_status":"closed","ping_status":"closed","sticky":false,"template":"","format":"standard","meta":{"sfsi_plus_gutenberg_text_before_share":"","sfsi_plus_gutenberg_show_text_before_share":"","sfsi_plus_gutenberg_icon_type":"","sfsi_plus_gutenberg_icon_alignemt":"","sfsi_plus_gutenburg_max_per_row":"","footnotes":""},"categories":[6,13],"tags":[],"class_list":["post-94831","post","type-post","status-publish","format-standard","has-post-thumbnail","hentry","category-cidades","category-esportes"],"_links":{"self":[{"href":"https:\/\/www.caririemacao.com\/1\/wp-json\/wp\/v2\/posts\/94831","targetHints":{"allow":["GET"]}}],"collection":[{"href":"https:\/\/www.caririemacao.com\/1\/wp-json\/wp\/v2\/posts"}],"about":[{"href":"https:\/\/www.caririemacao.com\/1\/wp-json\/wp\/v2\/types\/post"}],"author":[{"embeddable":true,"href":"https:\/\/www.caririemacao.com\/1\/wp-json\/wp\/v2\/users\/1"}],"replies":[{"embeddable":true,"href":"https:\/\/www.caririemacao.com\/1\/wp-json\/wp\/v2\/comments?post=94831"}],"version-history":[{"count":1,"href":"https:\/\/www.caririemacao.com\/1\/wp-json\/wp\/v2\/posts\/94831\/revisions"}],"predecessor-version":[{"id":94833,"href":"https:\/\/www.caririemacao.com\/1\/wp-json\/wp\/v2\/posts\/94831\/revisions\/94833"}],"wp:featuredmedia":[{"embeddable":true,"href":"https:\/\/www.caririemacao.com\/1\/wp-json\/wp\/v2\/media\/94832"}],"wp:attachment":[{"href":"https:\/\/www.caririemacao.com\/1\/wp-json\/wp\/v2\/media?parent=94831"}],"wp:term":[{"taxonomy":"category","embeddable":true,"href":"https:\/\/www.caririemacao.com\/1\/wp-json\/wp\/v2\/categories?post=94831"},{"taxonomy":"post_tag","embeddable":true,"href":"https:\/\/www.caririemacao.com\/1\/wp-json\/wp\/v2\/tags?post=94831"}],"curies":[{"name":"wp","href":"https:\/\/api.w.org\/{rel}","templated":true}]}}