{"id":94834,"date":"2019-05-13T11:59:49","date_gmt":"2019-05-13T14:59:49","guid":{"rendered":"http:\/\/www.caririemacao.com\/1\/?p=94834"},"modified":"2019-05-13T11:59:49","modified_gmt":"2019-05-13T14:59:49","slug":"governo-lanca-nova-versao-do-estatuto-da-crianca-e-do-adolescente","status":"publish","type":"post","link":"https:\/\/www.caririemacao.com\/1\/2019\/05\/13\/governo-lanca-nova-versao-do-estatuto-da-crianca-e-do-adolescente\/","title":{"rendered":"Governo lan\u00e7a nova vers\u00e3o do Estatuto da Crian\u00e7a e do Adolescente"},"content":{"rendered":"\n<div class=\"wp-block-image\"><figure class=\"alignleft\"><img decoding=\"async\" data-src=\"https:\/\/i0.wp.com\/www.vitrinedocariri.com.br\/wp-content\/uploads\/2019\/01\/Damares-300x201.jpg\" alt=\"\" class=\"wp-image-31451 lazyload\" src=\"data:image\/svg+xml;base64,PHN2ZyB3aWR0aD0iMSIgaGVpZ2h0PSIxIiB4bWxucz0iaHR0cDovL3d3dy53My5vcmcvMjAwMC9zdmciPjwvc3ZnPg==\" style=\"--smush-placeholder-width: 300px; --smush-placeholder-aspect-ratio: 300\/201;\" \/><\/figure><\/div>\n\n\n\n<p>O Minist\u00e9rio da Mulher, da Fam\u00edlia e dos Direitos Humanos lan\u00e7ou uma nova vers\u00e3o do Estatuto da Crian\u00e7a e do Adolescente (ECA). No evento de lan\u00e7amento, a ministra Damares Alves disse que \u00e9 urgente a necessidade de um pacto pelas crian\u00e7as.<\/p>\n\n\n\n<p>\u201cO tema crian\u00e7a tem que estar o tempo todo na pauta. A inf\u00e2ncia tem que estar na pauta do Congresso, do Judici\u00e1rio, do Executivo, da imprensa. Precisamos dar uma aten\u00e7\u00e3o \u00e0 inf\u00e2ncia como nunca. Urge a necessidade de um pacto pelas crian\u00e7as no Brasil\u201d.<\/p>\n\n\n\n<p>A nova vers\u00e3o do ECA institui a Semana Nacional de Preven\u00e7\u00e3o da Gravidez na Adolesc\u00eancia, a acontecer sempre na semana do dia 1\u00ba de fevereiro. O novo estatuto tamb\u00e9m institui a Pol\u00edtica Nacional de Busca de Pessoas Desaparecidas e cria o Cadastro Nacional de Pessoas Desaparecidas. Dentro dessa pol\u00edtica, est\u00e1 a proibi\u00e7\u00e3o de crian\u00e7as ou adolescentes menores de 16 anos de viajar desacompanhado.<\/p>\n\n\n\n<p>\u201cAgora s\u00f3 pode viajar acompanhado ou com autoriza\u00e7\u00e3o. N\u00e3o estamos retrocedendo, estamos protegendo as crian\u00e7as. Vamos nos unir em defesa da inf\u00e2ncia\u201d, defendeu Damares. A ministra tamb\u00e9m destacou a cria\u00e7\u00e3o do cadastro para agilizar a busca de desaparecidos.<\/p>\n\n\n\n<p>\u201cVamos trazer tecnologias avan\u00e7adas na busca das crian\u00e7as desaparecidas. E vamos entender o n\u00famero, porque vamos ter um cadastro nacional. Ent\u00e3o, o cadastro nacional vai nos dar a oportunidade de conhecer quantas s\u00e3o e trabalhar com tecnologia de busca com a pol\u00edcia, com as redes sociais.<\/p>\n\n\n\n<p>Para a secret\u00e1ria nacional dos Direitos da Crian\u00e7a e do Adolescente, Petr\u00facia Melo, a pasta precisa de recursos para garantir a prote\u00e7\u00e3o das crian\u00e7as. \u201cS\u00e3o muitos desafios que est\u00e3o aqui. Para efetivar a pol\u00edtica p\u00fablica precisamos de recursos. E estamos mobilizados a levantar esses recursos para garantir que crian\u00e7as e adolescentes tenham direitos, que elas possam ter uma vida tranquila\u201d.<\/p>\n","protected":false},"excerpt":{"rendered":"<p>O Minist\u00e9rio da Mulher, da Fam\u00edlia e dos Direitos Humanos lan\u00e7ou uma nova vers\u00e3o do Estatuto da Crian\u00e7a e do Adolescente (ECA). No evento de&hellip; <\/p>\n","protected":false},"author":1,"featured_media":87624,"comment_status":"closed","ping_status":"closed","sticky":false,"template":"","format":"standard","meta":{"sfsi_plus_gutenberg_text_before_share":"","sfsi_plus_gutenberg_show_text_before_share":"","sfsi_plus_gutenberg_icon_type":"","sfsi_plus_gutenberg_icon_alignemt":"","sfsi_plus_gutenburg_max_per_row":"","footnotes":""},"categories":[11],"tags":[],"class_list":["post-94834","post","type-post","status-publish","format-standard","has-post-thumbnail","hentry","category-politica"],"_links":{"self":[{"href":"https:\/\/www.caririemacao.com\/1\/wp-json\/wp\/v2\/posts\/94834","targetHints":{"allow":["GET"]}}],"collection":[{"href":"https:\/\/www.caririemacao.com\/1\/wp-json\/wp\/v2\/posts"}],"about":[{"href":"https:\/\/www.caririemacao.com\/1\/wp-json\/wp\/v2\/types\/post"}],"author":[{"embeddable":true,"href":"https:\/\/www.caririemacao.com\/1\/wp-json\/wp\/v2\/users\/1"}],"replies":[{"embeddable":true,"href":"https:\/\/www.caririemacao.com\/1\/wp-json\/wp\/v2\/comments?post=94834"}],"version-history":[{"count":1,"href":"https:\/\/www.caririemacao.com\/1\/wp-json\/wp\/v2\/posts\/94834\/revisions"}],"predecessor-version":[{"id":94835,"href":"https:\/\/www.caririemacao.com\/1\/wp-json\/wp\/v2\/posts\/94834\/revisions\/94835"}],"wp:featuredmedia":[{"embeddable":true,"href":"https:\/\/www.caririemacao.com\/1\/wp-json\/wp\/v2\/media\/87624"}],"wp:attachment":[{"href":"https:\/\/www.caririemacao.com\/1\/wp-json\/wp\/v2\/media?parent=94834"}],"wp:term":[{"taxonomy":"category","embeddable":true,"href":"https:\/\/www.caririemacao.com\/1\/wp-json\/wp\/v2\/categories?post=94834"},{"taxonomy":"post_tag","embeddable":true,"href":"https:\/\/www.caririemacao.com\/1\/wp-json\/wp\/v2\/tags?post=94834"}],"curies":[{"name":"wp","href":"https:\/\/api.w.org\/{rel}","templated":true}]}}