{"id":94838,"date":"2019-05-13T12:02:16","date_gmt":"2019-05-13T15:02:16","guid":{"rendered":"http:\/\/www.caririemacao.com\/1\/?p=94838"},"modified":"2019-05-13T12:02:16","modified_gmt":"2019-05-13T15:02:16","slug":"lancada-programacao-do-aniversario-de-emancipacao-politica-de-ss-do-umbuzeiro","status":"publish","type":"post","link":"https:\/\/www.caririemacao.com\/1\/2019\/05\/13\/lancada-programacao-do-aniversario-de-emancipacao-politica-de-ss-do-umbuzeiro\/","title":{"rendered":"Lan\u00e7ada programa\u00e7\u00e3o do anivers\u00e1rio de emancipa\u00e7\u00e3o pol\u00edtica de SS do Umbuzeiro"},"content":{"rendered":"\n<p>Durante a festa em homenagem \u00e0s m\u00e3es realizada no ultimo S\u00e1bado, o prefeito Adriano Woff de SS do Umbuzeiro aproveitou para anunciar a programa\u00e7\u00e3o do anivers\u00e1rio de emancipa\u00e7\u00e3o pol\u00edtica do munic\u00edpio.<\/p>\n\n\n\n<p>SS do Umbuzeiro completa 60 anos e ter\u00e1 uma vasta programa\u00e7\u00e3o realizada nos dias 08 e 09 de Junho pr\u00f3ximo.<\/p>\n\n\n\n<p>No dia 08, haver\u00e1 a realiza\u00e7\u00e3o de um grande encontro de bandas fanfarras e marciais, maratona, gincana de motos, corrida de 100 metros e uma s\u00e9rie de inaugura\u00e7\u00f5es e entrega de obras relevantes.<\/p>\n\n\n\n<p>As atra\u00e7\u00f5es musicais ficam por conta de Cezinha e Forr\u00f3 Feiti\u00e7o, al\u00e9m da renomada banda Conde do Forr\u00f3 no dia 08. J\u00e1 no dia 09, haver\u00e1 apresenta\u00e7\u00e3o de Otavio do Acordeon nos quiosques.<\/p>\n\n\n\n<p>\u201c\u00c9 uma festa que vai agradara toda a popula\u00e7\u00e3o, \u00e0 altura do que SS do Umbuzeiro merece em uma data t\u00e3o marcante quando completa 60 anos\u201d, afirmou o prefeito Adriano Wolff.<\/p>\n\n\n\n<p>FABIO BRITO<\/p>\n","protected":false},"excerpt":{"rendered":"<p>Durante a festa em homenagem \u00e0s m\u00e3es realizada no ultimo S\u00e1bado, o prefeito Adriano Woff de SS do Umbuzeiro aproveitou para anunciar a programa\u00e7\u00e3o do&hellip; <\/p>\n","protected":false},"author":1,"featured_media":94839,"comment_status":"closed","ping_status":"closed","sticky":false,"template":"","format":"standard","meta":{"sfsi_plus_gutenberg_text_before_share":"","sfsi_plus_gutenberg_show_text_before_share":"","sfsi_plus_gutenberg_icon_type":"","sfsi_plus_gutenberg_icon_alignemt":"","sfsi_plus_gutenburg_max_per_row":"","footnotes":""},"categories":[50,2],"tags":[],"class_list":["post-94838","post","type-post","status-publish","format-standard","has-post-thumbnail","hentry","category-destaque","category-geral"],"_links":{"self":[{"href":"https:\/\/www.caririemacao.com\/1\/wp-json\/wp\/v2\/posts\/94838","targetHints":{"allow":["GET"]}}],"collection":[{"href":"https:\/\/www.caririemacao.com\/1\/wp-json\/wp\/v2\/posts"}],"about":[{"href":"https:\/\/www.caririemacao.com\/1\/wp-json\/wp\/v2\/types\/post"}],"author":[{"embeddable":true,"href":"https:\/\/www.caririemacao.com\/1\/wp-json\/wp\/v2\/users\/1"}],"replies":[{"embeddable":true,"href":"https:\/\/www.caririemacao.com\/1\/wp-json\/wp\/v2\/comments?post=94838"}],"version-history":[{"count":1,"href":"https:\/\/www.caririemacao.com\/1\/wp-json\/wp\/v2\/posts\/94838\/revisions"}],"predecessor-version":[{"id":94840,"href":"https:\/\/www.caririemacao.com\/1\/wp-json\/wp\/v2\/posts\/94838\/revisions\/94840"}],"wp:featuredmedia":[{"embeddable":true,"href":"https:\/\/www.caririemacao.com\/1\/wp-json\/wp\/v2\/media\/94839"}],"wp:attachment":[{"href":"https:\/\/www.caririemacao.com\/1\/wp-json\/wp\/v2\/media?parent=94838"}],"wp:term":[{"taxonomy":"category","embeddable":true,"href":"https:\/\/www.caririemacao.com\/1\/wp-json\/wp\/v2\/categories?post=94838"},{"taxonomy":"post_tag","embeddable":true,"href":"https:\/\/www.caririemacao.com\/1\/wp-json\/wp\/v2\/tags?post=94838"}],"curies":[{"name":"wp","href":"https:\/\/api.w.org\/{rel}","templated":true}]}}