{"id":94843,"date":"2019-05-13T12:07:17","date_gmt":"2019-05-13T15:07:17","guid":{"rendered":"http:\/\/www.caririemacao.com\/1\/?p=94843"},"modified":"2019-05-13T12:07:17","modified_gmt":"2019-05-13T15:07:17","slug":"relator-emite-parecer-favoravel-para-unificacao-de-eleicoes-e-alongamento-de-mandatos","status":"publish","type":"post","link":"https:\/\/www.caririemacao.com\/1\/2019\/05\/13\/relator-emite-parecer-favoravel-para-unificacao-de-eleicoes-e-alongamento-de-mandatos\/","title":{"rendered":"Relator emite parecer favor\u00e1vel para unifica\u00e7\u00e3o de elei\u00e7\u00f5es e alongamento de mandatos"},"content":{"rendered":"\n<p>O Relator na CCJ \u2013 Comiss\u00e3o de Constitui\u00e7\u00e3o, Justi\u00e7a e Cidadania da C\u00e2mara Federal, deputado Valtenir Pereira (MDB-MT), emitiu parecer favor\u00e1vel, em rela\u00e7\u00e3o ao entendimento da PEC 376, de 2009, de autoria do deputado federal Ernandes Amorim (PR), que estabelece a coincid\u00eancia geral dos pleitos para todos os mandatos eletivos, aumenta de 8 para 10 anos, o mandato de Senador, estabelece o mandato de 5 anos para todos os cargos eletivos e p\u00f5e fim ao instituto da reelei\u00e7\u00e3o para os cargos do poder executivo.<br>Objetivo da proposta de emenda \u00e0 Constitui\u00e7\u00e3o em ep\u00edgrafe estabelecer a coincid\u00eancia geral dos pleitos para todos os mandatos eletivos, a partir de 2019. Para isso, pretende aumentar de oito para dez anos o mandato de Senador, estabelecer o mandato de cinco anos para todos os cargos eletivos e p\u00f4r fim ao instituto da reelei\u00e7\u00e3o para cargos do poder executivo, al\u00e9m de limitar a reelei\u00e7\u00e3o dos Senadores a um per\u00edodo imediatamente consecutivo.<br>Define, ainda, diferente dura\u00e7\u00e3o de mandatos at\u00e9 a coincid\u00eancia das elei\u00e7\u00f5es. Para os signat\u00e1rios da proposi\u00e7\u00e3o, o instituto da reelei\u00e7\u00e3o compromete a igualdade de condi\u00e7\u00f5es entre os candidatos, por meio do uso da m\u00e1quina p\u00fablica em benef\u00edcio pr\u00f3prio.<br>Outrossim, a coincid\u00eancia das datas das elei\u00e7\u00f5es diminuiria os gastos p\u00fablicos e contribuiria para o bom andamento dos 2 trabalhos do Congresso Nacional, interrompidos pela pr\u00e1tica de elei\u00e7\u00f5es em bi\u00eanios alternados.<\/p>\n","protected":false},"excerpt":{"rendered":"<p>O Relator na CCJ \u2013 Comiss\u00e3o de Constitui\u00e7\u00e3o, Justi\u00e7a e Cidadania da C\u00e2mara Federal, deputado Valtenir Pereira (MDB-MT), emitiu parecer favor\u00e1vel, em rela\u00e7\u00e3o ao entendimento&hellip; <\/p>\n","protected":false},"author":1,"featured_media":86842,"comment_status":"closed","ping_status":"closed","sticky":false,"template":"","format":"standard","meta":{"sfsi_plus_gutenberg_text_before_share":"","sfsi_plus_gutenberg_show_text_before_share":"","sfsi_plus_gutenberg_icon_type":"","sfsi_plus_gutenberg_icon_alignemt":"","sfsi_plus_gutenburg_max_per_row":"","footnotes":""},"categories":[50,11],"tags":[],"class_list":["post-94843","post","type-post","status-publish","format-standard","has-post-thumbnail","hentry","category-destaque","category-politica"],"_links":{"self":[{"href":"https:\/\/www.caririemacao.com\/1\/wp-json\/wp\/v2\/posts\/94843","targetHints":{"allow":["GET"]}}],"collection":[{"href":"https:\/\/www.caririemacao.com\/1\/wp-json\/wp\/v2\/posts"}],"about":[{"href":"https:\/\/www.caririemacao.com\/1\/wp-json\/wp\/v2\/types\/post"}],"author":[{"embeddable":true,"href":"https:\/\/www.caririemacao.com\/1\/wp-json\/wp\/v2\/users\/1"}],"replies":[{"embeddable":true,"href":"https:\/\/www.caririemacao.com\/1\/wp-json\/wp\/v2\/comments?post=94843"}],"version-history":[{"count":1,"href":"https:\/\/www.caririemacao.com\/1\/wp-json\/wp\/v2\/posts\/94843\/revisions"}],"predecessor-version":[{"id":94844,"href":"https:\/\/www.caririemacao.com\/1\/wp-json\/wp\/v2\/posts\/94843\/revisions\/94844"}],"wp:featuredmedia":[{"embeddable":true,"href":"https:\/\/www.caririemacao.com\/1\/wp-json\/wp\/v2\/media\/86842"}],"wp:attachment":[{"href":"https:\/\/www.caririemacao.com\/1\/wp-json\/wp\/v2\/media?parent=94843"}],"wp:term":[{"taxonomy":"category","embeddable":true,"href":"https:\/\/www.caririemacao.com\/1\/wp-json\/wp\/v2\/categories?post=94843"},{"taxonomy":"post_tag","embeddable":true,"href":"https:\/\/www.caririemacao.com\/1\/wp-json\/wp\/v2\/tags?post=94843"}],"curies":[{"name":"wp","href":"https:\/\/api.w.org\/{rel}","templated":true}]}}