{"id":94850,"date":"2019-05-13T12:12:37","date_gmt":"2019-05-13T15:12:37","guid":{"rendered":"http:\/\/www.caririemacao.com\/1\/?p=94850"},"modified":"2019-05-13T12:12:37","modified_gmt":"2019-05-13T15:12:37","slug":"mulher-e-detida-apos-tentar-matar-cachorro-a-facadas-em-bananeiras","status":"publish","type":"post","link":"https:\/\/www.caririemacao.com\/1\/2019\/05\/13\/mulher-e-detida-apos-tentar-matar-cachorro-a-facadas-em-bananeiras\/","title":{"rendered":"Mulher \u00e9 detida ap\u00f3s tentar matar cachorro a facadas em Bananeiras"},"content":{"rendered":"\n<p>Uma mulher foi detida na tarde deste s\u00e1bado (11) na cidade de Bananeiras, Agreste do Estado, acusada de ter esfaqueado um cachorro de rua. A dom\u00e9stica Josilene Soares de Fran\u00e7a, de 38 anos, foi denunciada por maus tratos \u00e0 animal.&nbsp;<\/p>\n\n\n\n<p>Depois do crime a mulher foi detida e conduzida at\u00e9 a Delegacia de Pol\u00edcia Civil para prestar depoimento. Ela foi apresentada \u00e0s autoridades policiais para prestar depoimento e confessou que esfaqueou o animal. No entanto, ela ir\u00e1 responder pelo delito em liberdade.<\/p>\n\n\n\n<figure class=\"wp-block-image\"><img decoding=\"async\" data-src=\"https:\/\/www.clickpb.com.br\/media\/filer_public\/2f\/09\/2f09277d-a6b8-42b4-bc9d-7a500aa4357b\/josinele_-_acusada_de_esfaquear_cachorro.jpg\" alt=\"\" src=\"data:image\/svg+xml;base64,PHN2ZyB3aWR0aD0iMSIgaGVpZ2h0PSIxIiB4bWxucz0iaHR0cDovL3d3dy53My5vcmcvMjAwMC9zdmciPjwvc3ZnPg==\" class=\"lazyload\" \/><\/figure>\n\n\n\n<p>Segundo o depoimento da acusada, o cachorro esfaqueado teria se envolvido em uma briga com um animal de sua propriedade. Na tentativa de apartar a briga, a mulher esfaqueou o outro cachorro.<\/p>\n\n\n\n<p>Ela usou um fac\u00e3o para efetuar v\u00e1rios golpes contra o animal, provocando feridas profundas. De acordo com os vizinhos, o cachorro ficou agonizando no meio da rua. O animal teria sido socorrido por uma veterin\u00e1ria, que conseguiu estabilizar ele.<\/p>\n\n\n\n<p>Nesta segunda-feira (13), o cachorro dever\u00e1 ser levado at\u00e9 o Hospital Veterin\u00e1rio em Areia para passar por uma transfus\u00e3o de sangue. Depois de receber atendimento veterin\u00e1rio, o cachorro se recupera dos ferimentos.<br><\/p>\n","protected":false},"excerpt":{"rendered":"<p>Uma mulher foi detida na tarde deste s\u00e1bado (11) na cidade de Bananeiras, Agreste do Estado, acusada de ter esfaqueado um cachorro de rua. A&hellip; <\/p>\n","protected":false},"author":1,"featured_media":94851,"comment_status":"closed","ping_status":"closed","sticky":false,"template":"","format":"standard","meta":{"sfsi_plus_gutenberg_text_before_share":"","sfsi_plus_gutenberg_show_text_before_share":"","sfsi_plus_gutenberg_icon_type":"","sfsi_plus_gutenberg_icon_alignemt":"","sfsi_plus_gutenburg_max_per_row":"","footnotes":""},"categories":[12],"tags":[],"class_list":["post-94850","post","type-post","status-publish","format-standard","has-post-thumbnail","hentry","category-policia"],"_links":{"self":[{"href":"https:\/\/www.caririemacao.com\/1\/wp-json\/wp\/v2\/posts\/94850","targetHints":{"allow":["GET"]}}],"collection":[{"href":"https:\/\/www.caririemacao.com\/1\/wp-json\/wp\/v2\/posts"}],"about":[{"href":"https:\/\/www.caririemacao.com\/1\/wp-json\/wp\/v2\/types\/post"}],"author":[{"embeddable":true,"href":"https:\/\/www.caririemacao.com\/1\/wp-json\/wp\/v2\/users\/1"}],"replies":[{"embeddable":true,"href":"https:\/\/www.caririemacao.com\/1\/wp-json\/wp\/v2\/comments?post=94850"}],"version-history":[{"count":1,"href":"https:\/\/www.caririemacao.com\/1\/wp-json\/wp\/v2\/posts\/94850\/revisions"}],"predecessor-version":[{"id":94852,"href":"https:\/\/www.caririemacao.com\/1\/wp-json\/wp\/v2\/posts\/94850\/revisions\/94852"}],"wp:featuredmedia":[{"embeddable":true,"href":"https:\/\/www.caririemacao.com\/1\/wp-json\/wp\/v2\/media\/94851"}],"wp:attachment":[{"href":"https:\/\/www.caririemacao.com\/1\/wp-json\/wp\/v2\/media?parent=94850"}],"wp:term":[{"taxonomy":"category","embeddable":true,"href":"https:\/\/www.caririemacao.com\/1\/wp-json\/wp\/v2\/categories?post=94850"},{"taxonomy":"post_tag","embeddable":true,"href":"https:\/\/www.caririemacao.com\/1\/wp-json\/wp\/v2\/tags?post=94850"}],"curies":[{"name":"wp","href":"https:\/\/api.w.org\/{rel}","templated":true}]}}