{"id":94856,"date":"2019-05-13T12:16:33","date_gmt":"2019-05-13T15:16:33","guid":{"rendered":"http:\/\/www.caririemacao.com\/1\/?p=94856"},"modified":"2019-05-13T12:16:33","modified_gmt":"2019-05-13T15:16:33","slug":"plantacoes-de-algodao-do-cariri-sao-experiencias-em-sistemas-agroalimentares","status":"publish","type":"post","link":"https:\/\/www.caririemacao.com\/1\/2019\/05\/13\/plantacoes-de-algodao-do-cariri-sao-experiencias-em-sistemas-agroalimentares\/","title":{"rendered":"Planta\u00e7\u00f5es de algod\u00e3o do Cariri s\u00e3o experi\u00eancias em sistemas agroalimentares"},"content":{"rendered":"\n<p>Os sistemas agroalimentares continuam sendo alvo da forma\u00e7\u00e3o e pesquisa nas zonas rurais da Para\u00edba. As planta\u00e7\u00f5es de algod\u00e3o s\u00e3o observadas em busca dos melhoramentos do produto. Durante este final de semana, mais agricultores foram capacitados com a realiza\u00e7\u00e3o de m\u00f3dulos de forma\u00e7\u00e3o na Unidade de Aprendizagem e Pesquisa Participativa (UAP), no Assentamento Z\u00e9 Marcolino, munic\u00edpio de Prata, no Cariri Ocidental da Para\u00edba.<\/p>\n\n\n\n<figure class=\"wp-block-image\"><img decoding=\"async\" data-src=\"http:\/\/paraibadebate.com.br\/wp-content\/uploads\/2019\/05\/60334647_858246201194950_1673882006611558400_o-1024x576.jpg\" alt=\"\" class=\"wp-image-83821 lazyload\" src=\"data:image\/svg+xml;base64,PHN2ZyB3aWR0aD0iMSIgaGVpZ2h0PSIxIiB4bWxucz0iaHR0cDovL3d3dy53My5vcmcvMjAwMC9zdmciPjwvc3ZnPg==\" style=\"--smush-placeholder-width: 1024px; --smush-placeholder-aspect-ratio: 1024\/576;\" \/><figcaption>Agricultores participando de capacita\u00e7\u00e3o.<\/figcaption><\/figure>\n\n\n\n<p>De acordo com os participantes, os agricultores seguem o rumo normal da produ\u00e7\u00e3o dentro das din\u00e2micas neste ano agr\u00edcola 2019. O Programa Domingo Rural e Programa Esperan\u00e7a no Campo evidenciaram as din\u00e2micas de discuss\u00f5es promovidas no m\u00eas de abril no assentamento da reforma agr\u00e1ria numa entrevista com o pesquisador da Embrapa Algod\u00e3o, Marenilson Batista.<\/p>\n\n\n\n<p>A assessora da ONG Arriba\u00e7\u00e3, Maria Am\u00e1lia e o agricultor familiar que pratica as din\u00e2micas, Agnaldo Freitas da Silva, tamb\u00e9m participaram da entrevista. \u201cNo \u00faltimo encontro que tivemos j\u00e1 no terceiro m\u00f3dulo, gerou uma expectativa de cada m\u00f3dulo pra gente sempre inovar e aprender cada vez mais\u201d, disse Agnaldo Freitas, que reside e produz na Vila Produtiva Rural Lafayette, munic\u00edpio de Monteiro.<\/p>\n\n\n\n<figure class=\"wp-block-image\"><img decoding=\"async\" data-src=\"http:\/\/paraibadebate.com.br\/wp-content\/uploads\/2019\/05\/60132931_858246224528281_7264459855698591744_o-1024x576.jpg\" alt=\"\" class=\"wp-image-83822 lazyload\" src=\"data:image\/svg+xml;base64,PHN2ZyB3aWR0aD0iMSIgaGVpZ2h0PSIxIiB4bWxucz0iaHR0cDovL3d3dy53My5vcmcvMjAwMC9zdmciPjwvc3ZnPg==\" style=\"--smush-placeholder-width: 1024px; --smush-placeholder-aspect-ratio: 1024\/576;\" \/><figcaption>Campo de algod\u00e3o org\u00e2nico.<\/figcaption><\/figure>\n\n\n\n<p>Ele disse que a parceria com a Embrapa e com a ONG \u00e9 valiosa e trar\u00e1 cada vez mais \u00f3timos frutos. \u201cA cada vez que a gente se junta para aprender \u00e9 uma aprendizagem intensa\u201d, explica Agnaldo, que contou os detalhes das novas formas de produ\u00e7\u00e3o agroecol\u00f3gica e como est\u00e3o os trabalhos produtivos na regi\u00e3o.&nbsp;<br><\/p>\n\n\n\n<p>\u201cNesse encontro, a gente identificou pragas da lavoura, principalmente as pragas do algod\u00e3o. A gente trabalhou com o processo de identifica\u00e7\u00e3o de pragas, com o manejo, com o controle, porque nessa fase da produ\u00e7\u00e3o do algod\u00e3o em cons\u00f3rcios agroecol\u00f3gicos \u00e9 justamente a fase importante, que \u00e9 a do crescimento do algod\u00e3o, que pode ter um ataque de pragas. Nesse processo de identifica\u00e7\u00e3o de pragas conhecemos diversos campos de produ\u00e7\u00e3o. Os agricultores conseguiram ver na pr\u00e1tica como \u00e9 que a gente controla, como identifica\u201d, relatou&nbsp;<br>Maria Am\u00e1lia, da ONG Arriba\u00e7\u00e3.<\/p>\n\n\n\n<figure class=\"wp-block-image\"><img decoding=\"async\" data-src=\"http:\/\/paraibadebate.com.br\/wp-content\/uploads\/2019\/05\/60679887_858246294528274_5205050976028852224_o-1024x576.jpg\" alt=\"\" class=\"wp-image-83823 lazyload\" src=\"data:image\/svg+xml;base64,PHN2ZyB3aWR0aD0iMSIgaGVpZ2h0PSIxIiB4bWxucz0iaHR0cDovL3d3dy53My5vcmcvMjAwMC9zdmciPjwvc3ZnPg==\" style=\"--smush-placeholder-width: 1024px; --smush-placeholder-aspect-ratio: 1024\/576;\" \/><figcaption>Agricultores capacitados em aula de campo.<\/figcaption><\/figure>\n\n\n\n<p>Segundo ela, foi um dia inteiro de forma\u00e7\u00e3o. \u201cPercebemos como se identifica as pragas, como controlar e quais s\u00e3o as plantas naturais dentro de uma pr\u00e1tica bacana de barreiras naturais. Os agricultores viram que o gergelim consegue controlar a formiga e isso foi um momento de teoria e pr\u00e1tica onde os agentes sociais viram e foram pra sala de aula ver a teoria\u201d, explicou Maria.<br><\/p>\n\n\n\n<p><strong>Conhecimento \u2013&nbsp;<\/strong>O representante da Embrapa, Marenilson Batista, ressaltou o que o conhecimento agregado \u00e0 pr\u00e1tica s\u00e3o capazes de fazer pela agricultura algodoeira. \u201cEu acho que o mundo est\u00e1 precisando dessa oxigena\u00e7\u00e3o, de boas energias e de boas not\u00edcias. No Cariri paraibano, o terceiro m\u00f3dulo de forma\u00e7\u00e3o da Unidade de aprendizagem e pesquisa participativa \u00e9 o local onde os agricultores de todo o Cariri se re\u00fanem uma vez por m\u00eas para construir conhecimentos, aprender e ensinar. Por isso que \u00e9 espa\u00e7o de aprendizagem e tamb\u00e9m da pesquisa participativa. \u00c9 a constru\u00e7\u00e3o de novos conhecimentos baseados na realidade do Cariri\u201d, explicou.<\/p>\n\n\n\n<p>O trabalho que a Embrapa vem fazendo com a produ\u00e7\u00e3o do algod\u00e3o nos sistemas agroecol\u00f3gicos em sete pontos de seis Estados do semi\u00e1rido est\u00e1 dentro das din\u00e2micas de aprendizagem e pesquisa participativa.<\/p>\n\n\n\n<p>\u201cNa Unidade do Assentamento Z\u00e9 Marcolino, na Agrovila Laginha, no munic\u00edpio de Prata, o algod\u00e3o est\u00e1 em torno dos 60 dias. Ou seja, o algod\u00e3o j\u00e1 tem flor, j\u00e1 come\u00e7a a apresentar as primeiras \u2018ma\u00e7\u00e3s\u2019 e j\u00e1 est\u00e1 numa fase bem avan\u00e7ada. Existem algod\u00f5es mais novos, mas, de modo geral, n\u00f3s temos algod\u00f5es numa fase j\u00e1 bem consolidada. N\u00e3o faltando chuvas, n\u00f3s teremos uma \u00f3tima produ\u00e7\u00e3o no Cariri de algod\u00e3o org\u00e2nico certificado\u201d, concluiu.<\/p>\n\n\n\n<p><em>Reda\u00e7\u00e3o PB Debate com St\u00fadio Rural\/ Domingo Rural<\/em><\/p>\n","protected":false},"excerpt":{"rendered":"<p>Os sistemas agroalimentares continuam sendo alvo da forma\u00e7\u00e3o e pesquisa nas zonas rurais da Para\u00edba. As planta\u00e7\u00f5es de algod\u00e3o s\u00e3o observadas em busca dos melhoramentos&hellip; <\/p>\n","protected":false},"author":1,"featured_media":94857,"comment_status":"closed","ping_status":"closed","sticky":false,"template":"","format":"standard","meta":{"sfsi_plus_gutenberg_text_before_share":"","sfsi_plus_gutenberg_show_text_before_share":"","sfsi_plus_gutenberg_icon_type":"","sfsi_plus_gutenberg_icon_alignemt":"","sfsi_plus_gutenburg_max_per_row":"","footnotes":""},"categories":[2],"tags":[],"class_list":["post-94856","post","type-post","status-publish","format-standard","has-post-thumbnail","hentry","category-geral"],"_links":{"self":[{"href":"https:\/\/www.caririemacao.com\/1\/wp-json\/wp\/v2\/posts\/94856","targetHints":{"allow":["GET"]}}],"collection":[{"href":"https:\/\/www.caririemacao.com\/1\/wp-json\/wp\/v2\/posts"}],"about":[{"href":"https:\/\/www.caririemacao.com\/1\/wp-json\/wp\/v2\/types\/post"}],"author":[{"embeddable":true,"href":"https:\/\/www.caririemacao.com\/1\/wp-json\/wp\/v2\/users\/1"}],"replies":[{"embeddable":true,"href":"https:\/\/www.caririemacao.com\/1\/wp-json\/wp\/v2\/comments?post=94856"}],"version-history":[{"count":1,"href":"https:\/\/www.caririemacao.com\/1\/wp-json\/wp\/v2\/posts\/94856\/revisions"}],"predecessor-version":[{"id":94858,"href":"https:\/\/www.caririemacao.com\/1\/wp-json\/wp\/v2\/posts\/94856\/revisions\/94858"}],"wp:featuredmedia":[{"embeddable":true,"href":"https:\/\/www.caririemacao.com\/1\/wp-json\/wp\/v2\/media\/94857"}],"wp:attachment":[{"href":"https:\/\/www.caririemacao.com\/1\/wp-json\/wp\/v2\/media?parent=94856"}],"wp:term":[{"taxonomy":"category","embeddable":true,"href":"https:\/\/www.caririemacao.com\/1\/wp-json\/wp\/v2\/categories?post=94856"},{"taxonomy":"post_tag","embeddable":true,"href":"https:\/\/www.caririemacao.com\/1\/wp-json\/wp\/v2\/tags?post=94856"}],"curies":[{"name":"wp","href":"https:\/\/api.w.org\/{rel}","templated":true}]}}