{"id":94862,"date":"2019-05-13T13:06:16","date_gmt":"2019-05-13T16:06:16","guid":{"rendered":"http:\/\/www.caririemacao.com\/1\/?p=94862"},"modified":"2019-05-13T13:06:16","modified_gmt":"2019-05-13T16:06:16","slug":"moro-afirma-nao-ter-estabelecido-condicao-para-assumir-ministerio-da-justica-e-seguranca-publica","status":"publish","type":"post","link":"https:\/\/www.caririemacao.com\/1\/2019\/05\/13\/moro-afirma-nao-ter-estabelecido-condicao-para-assumir-ministerio-da-justica-e-seguranca-publica\/","title":{"rendered":"Moro afirma n\u00e3o ter estabelecido condi\u00e7\u00e3o para assumir Minist\u00e9rio da Justi\u00e7a e Seguran\u00e7a P\u00fablica"},"content":{"rendered":"\n<p>O ministro da Justi\u00e7a e Seguran\u00e7a P\u00fablica, S\u00e9rgio Moro, afirmou na manh\u00e3 desta segunda-feira (13) que n\u00e3o colocou qualquer condi\u00e7\u00e3o quando aceitou o convite para integrar a equipe ministerial do presidente Jair Bolsonaro.<\/p>\n\n\n\n<p>A afirma\u00e7\u00e3o foi feita um dia depois de Bolsonaro dizer que firmou compromisso com Moro para indic\u00e1-lo para uma vaga no Supremo Tribunal Federal (STF) e que vai honrar o que foi acertado.<\/p>\n\n\n\n<p>Moro n\u00e3o citou nominalmente o Supremo ao fazer o coment\u00e1rio.<\/p>\n\n\n\n<p>&#8220;Ele [Bolsonaro] foi eleito, fez o convite publicamente, fui at\u00e9 a casa dele no Rio de Janeiro. N\u00f3s conversamos e n\u00f3s, mais uma vez publicamente, eu n\u00e3o estabeleci nenhuma condi\u00e7\u00e3o. N\u00e3o vou receber convite para ser ministro e estabelecer condi\u00e7\u00f5es sobre circunst\u00e2ncias do futuro que n\u00e3o se pode controlar&#8221;, afirmou o ministro, durante palestra em Curitiba na manh\u00e3 desta segunda.<\/p>\n\n\n\n<p>Ap\u00f3s o evento, o ministro da Justi\u00e7a foi perguntado se havia negociado uma vaga no STF com o presidente da Rep\u00fablica e se a aceitaria.<\/p>\n\n\n\n<p>Moro se disse honrado, mas argumentou que &#8220;\u00e9 algo que tem que ser discutido no futuro&#8221;, pois n\u00e3o h\u00e1 vagas atualmente no Supremo \u2013 a pr\u00f3xima deve ser aberta em novembro do ano que vem, quando se aposentar\u00e1, aos 75 anos, o decano da Corte, ministro Celso de Mello.<\/p>\n\n\n\n<p>&#8220;Quando surgir a vaga l\u00e1 na frente o presidente vai avaliar se ele vai realizar o convite para mim. Se ele formular o convite a\u00ed eu vou avaliar se eu vou aceitar&#8221;, disse.<\/p>\n\n\n\n<p><strong>Convite de Bolsonaro<\/strong><\/p>\n\n\n\n<p>Na entrevista que deu neste domingo, o presidente Jair Bolsonaro afirmou que se comprometeu a indicar Moro para ocupar uma vaga no STF &#8220;porque ele abriu m\u00e3o de 22 anos de magistratura&#8221;. \u201cA primeira vaga que tiver, eu tenho esse compromisso com o Moro e, se Deus quiser, cumpriremos esse compromisso&#8221;, disse Bolsonaro.<\/p>\n\n\n\n<p>A indica\u00e7\u00e3o dos ministros do Supremo \u00e9 de compet\u00eancia do presidente da Rep\u00fablica, mas o nome deve passar por sabatina no Senado.<\/p>\n\n\n\n<p>&#8220;Obviamente ele teria que passar por uma sabatina no Senado. Eu sei que n\u00e3o lhe falta compet\u00eancia para se aprovado l\u00e1. Mas uma sabatina t\u00e9cnico-pol\u00edtica, t\u00e1 certo? Ent\u00e3o, eu vou honrar esse compromisso com ele, caso ele queira ir para l\u00e1. Ele seria um grande aliado n\u00e3o do governo, mas dos interesses do nosso Brasil dentro do STF&#8221;, declarou o presidente.<\/p>\n\n\n\n<p>Ainda no ano passado, logo ap\u00f3s a vit\u00f3ria nas urnas, Bolsonaro afirmou em entrevista ao Jornal Nacional que pensava em convidar S\u00e9rgio Moro para assumir vaga no STF.<\/p>\n\n\n\n<p><strong>Auditores fiscais<\/strong><\/p>\n\n\n\n<p>O ministro da Justi\u00e7a criticou a emenda que limita a atua\u00e7\u00e3o dos auditores fiscais, aprovada na quinta-feira (9) pela comiss\u00e3o de deputados e senadores que avalia medida provis\u00f3ria da reforma administrativa do governo Bolsonaro.<\/p>\n\n\n\n<p>O texto da emenda pro\u00edbe o auditor fiscal de comunicar ao Minist\u00e9rio P\u00fablico ind\u00edcios de crimes como \u00e9 poss\u00edvel atualmente. Para entidades que representam a categoria, o veto pode ampliar a corrup\u00e7\u00e3o.<\/p>\n\n\n\n<p>&#8220;Eu acho que n\u00e3o \u00e9 a melhor medida essa proibi\u00e7\u00e3o ao auditor fiscal que, por exemplo, em uma investiga\u00e7\u00e3o tenha um contato com um caso envolvendo lavagem de dinheiro, tr\u00e1fico de drogas, pode ser crime de contrabando. Ele, ao meu ver, tem o dever de comunicar os fatos, e n\u00e3o \u00e9 bom para a sociedade que ele seja impedido para tanto&#8221;, afirmou Moro.<\/p>\n\n\n\n<p>A emenda foi proposta pelo l\u00edder do MDB no Senado, Eduardo Braga (AM), e acolhida pelo relator, senador Fernando Bezerra (MDB-PE). O dispositivo ainda precisa passar por vota\u00e7\u00e3o nos plen\u00e1rios da C\u00e2mara do Senado.<\/p>\n","protected":false},"excerpt":{"rendered":"<p>O ministro da Justi\u00e7a e Seguran\u00e7a P\u00fablica, S\u00e9rgio Moro, afirmou na manh\u00e3 desta segunda-feira (13) que n\u00e3o colocou qualquer condi\u00e7\u00e3o quando aceitou o convite para&hellip; <\/p>\n","protected":false},"author":1,"featured_media":94863,"comment_status":"closed","ping_status":"closed","sticky":false,"template":"","format":"standard","meta":{"sfsi_plus_gutenberg_text_before_share":"","sfsi_plus_gutenberg_show_text_before_share":"","sfsi_plus_gutenberg_icon_type":"","sfsi_plus_gutenberg_icon_alignemt":"","sfsi_plus_gutenburg_max_per_row":"","footnotes":""},"categories":[11],"tags":[],"class_list":["post-94862","post","type-post","status-publish","format-standard","has-post-thumbnail","hentry","category-politica"],"_links":{"self":[{"href":"https:\/\/www.caririemacao.com\/1\/wp-json\/wp\/v2\/posts\/94862","targetHints":{"allow":["GET"]}}],"collection":[{"href":"https:\/\/www.caririemacao.com\/1\/wp-json\/wp\/v2\/posts"}],"about":[{"href":"https:\/\/www.caririemacao.com\/1\/wp-json\/wp\/v2\/types\/post"}],"author":[{"embeddable":true,"href":"https:\/\/www.caririemacao.com\/1\/wp-json\/wp\/v2\/users\/1"}],"replies":[{"embeddable":true,"href":"https:\/\/www.caririemacao.com\/1\/wp-json\/wp\/v2\/comments?post=94862"}],"version-history":[{"count":1,"href":"https:\/\/www.caririemacao.com\/1\/wp-json\/wp\/v2\/posts\/94862\/revisions"}],"predecessor-version":[{"id":94864,"href":"https:\/\/www.caririemacao.com\/1\/wp-json\/wp\/v2\/posts\/94862\/revisions\/94864"}],"wp:featuredmedia":[{"embeddable":true,"href":"https:\/\/www.caririemacao.com\/1\/wp-json\/wp\/v2\/media\/94863"}],"wp:attachment":[{"href":"https:\/\/www.caririemacao.com\/1\/wp-json\/wp\/v2\/media?parent=94862"}],"wp:term":[{"taxonomy":"category","embeddable":true,"href":"https:\/\/www.caririemacao.com\/1\/wp-json\/wp\/v2\/categories?post=94862"},{"taxonomy":"post_tag","embeddable":true,"href":"https:\/\/www.caririemacao.com\/1\/wp-json\/wp\/v2\/tags?post=94862"}],"curies":[{"name":"wp","href":"https:\/\/api.w.org\/{rel}","templated":true}]}}