{"id":94867,"date":"2019-05-13T13:08:38","date_gmt":"2019-05-13T16:08:38","guid":{"rendered":"http:\/\/www.caririemacao.com\/1\/?p=94867"},"modified":"2019-05-13T13:08:38","modified_gmt":"2019-05-13T16:08:38","slug":"avianca-cancela-12-embarques-e-desembarques-em-joao-pessoa-nesta-segunda-e-terca-feira","status":"publish","type":"post","link":"https:\/\/www.caririemacao.com\/1\/2019\/05\/13\/avianca-cancela-12-embarques-e-desembarques-em-joao-pessoa-nesta-segunda-e-terca-feira\/","title":{"rendered":"Avianca cancela 12 embarques e desembarques em Jo\u00e3o Pessoa nesta segunda e ter\u00e7a-feira"},"content":{"rendered":"\n<p>12 voos da Avianca que estavam programados para esta segunda-feira (13) e ter\u00e7a-feira (14) no Aeroporto Castro Pinto, na Regi\u00e3o Metropolitana de Jo\u00e3o Pessoa, foram cancelados. De acordo com o site oficial da Avianca, em todo o Brasil foram programados 406 cancelamentos de viagens.<\/p>\n\n\n\n<p>Os embarques e desembarques no Aeroporto Castro Pinto seriam para os aeroportos do Gale\u00e3o, no Rio de Janeiro, Guarulhos, em S\u00e3o Paulo, e Bras\u00edlia, no Distrito Federal.<\/p>\n\n\n\n<p><a href=\"https:\/\/www.avianca.com.br\/-\/cancelamento-de-voos-a-partir-de-abril-\">A lista completa de cancelamentos pode ser conferida no site oficial da Avianca.<\/a><\/p>\n\n\n\n<p>A companhia a\u00e9rea Avianca passa por uma recupera\u00e7\u00e3o judicial e desde que anunciou um plano de contingenciamento, tem cancelado sistematicamente a maioria de suas decolagens desde o m\u00eas de abril.&nbsp;<\/p>\n\n\n\n<p>A lista de terminais com voos cancelados inclui Aracaju (SE), Bel\u00e9m (PA), Campo Grande (MS), Chapec\u00f3 (SC), Confins (MG), Congonhas (SP), Cuiab\u00e1 (MT), Curitiba (PR), Florian\u00f3polis (SC), Fortaleza (CE), Foz do Igua\u00e7u (PR), Gale\u00e3o (RJ), Goi\u00e2nia (GO), Jo\u00e3o Pessoa (PB), Juazeiro do Norte (CE), Macei\u00f3 (AL), Natal (RN), Navegantes (SC), Petrolina (PE), Porto Alegre (RS), Recife (PE), Santos Dumont (RJ) e Vit\u00f3ria (ES).<\/p>\n\n\n\n<p><strong>Confira os voos afetados em Jo\u00e3o Pessoa:<\/strong><\/p>\n\n\n\n<p>13-mai-19&nbsp; Gale\u00e3o (RJ) Jo\u00e3o Pessoa (PB)<\/p>\n\n\n\n<p>13-mai-19&nbsp; Jo\u00e3o Pessoa (PB) Gale\u00e3o (RJ)<\/p>\n\n\n\n<p>13-mai-19&nbsp; Guarulhos (SP) Jo\u00e3o Pessoa (PB)<\/p>\n\n\n\n<p>13-mai-19&nbsp; Jo\u00e3o Pessoa (PB) Guarulhos (SP)<\/p>\n\n\n\n<p>13-mai-19 Bras\u00edlia (DF) Jo\u00e3o Pessoa (PB)<\/p>\n\n\n\n<p>13-mai-19 Jo\u00e3o Pessoa (PB) Bras\u00edlia (DF)<\/p>\n\n\n\n<p>14-mai-19 Gale\u00e3o (RJ) Jo\u00e3o Pessoa (PB)<\/p>\n\n\n\n<p>4-mai-19 Jo\u00e3o Pessoa (PB) Gale\u00e3o (RJ)<\/p>\n\n\n\n<p>14-mai-19 Guarulhos (SP) Jo\u00e3o Pessoa (PB)<\/p>\n\n\n\n<p>14-mai-19 Jo\u00e3o Pessoa (PB) Guarulhos (SP)<\/p>\n\n\n\n<p>14-mai-19 Bras\u00edlia (DF) Jo\u00e3o Pessoa (PB)<\/p>\n\n\n\n<p>14-mai-19 Jo\u00e3o Pessoa (PB) Bras\u00edlia (DF)<\/p>\n","protected":false},"excerpt":{"rendered":"<p>12 voos da Avianca que estavam programados para esta segunda-feira (13) e ter\u00e7a-feira (14) no Aeroporto Castro Pinto, na Regi\u00e3o Metropolitana de Jo\u00e3o Pessoa, foram&hellip; <\/p>\n","protected":false},"author":1,"featured_media":79675,"comment_status":"closed","ping_status":"closed","sticky":false,"template":"","format":"standard","meta":{"sfsi_plus_gutenberg_text_before_share":"","sfsi_plus_gutenberg_show_text_before_share":"","sfsi_plus_gutenberg_icon_type":"","sfsi_plus_gutenberg_icon_alignemt":"","sfsi_plus_gutenburg_max_per_row":"","footnotes":""},"categories":[2],"tags":[],"class_list":["post-94867","post","type-post","status-publish","format-standard","has-post-thumbnail","hentry","category-geral"],"_links":{"self":[{"href":"https:\/\/www.caririemacao.com\/1\/wp-json\/wp\/v2\/posts\/94867","targetHints":{"allow":["GET"]}}],"collection":[{"href":"https:\/\/www.caririemacao.com\/1\/wp-json\/wp\/v2\/posts"}],"about":[{"href":"https:\/\/www.caririemacao.com\/1\/wp-json\/wp\/v2\/types\/post"}],"author":[{"embeddable":true,"href":"https:\/\/www.caririemacao.com\/1\/wp-json\/wp\/v2\/users\/1"}],"replies":[{"embeddable":true,"href":"https:\/\/www.caririemacao.com\/1\/wp-json\/wp\/v2\/comments?post=94867"}],"version-history":[{"count":1,"href":"https:\/\/www.caririemacao.com\/1\/wp-json\/wp\/v2\/posts\/94867\/revisions"}],"predecessor-version":[{"id":94868,"href":"https:\/\/www.caririemacao.com\/1\/wp-json\/wp\/v2\/posts\/94867\/revisions\/94868"}],"wp:featuredmedia":[{"embeddable":true,"href":"https:\/\/www.caririemacao.com\/1\/wp-json\/wp\/v2\/media\/79675"}],"wp:attachment":[{"href":"https:\/\/www.caririemacao.com\/1\/wp-json\/wp\/v2\/media?parent=94867"}],"wp:term":[{"taxonomy":"category","embeddable":true,"href":"https:\/\/www.caririemacao.com\/1\/wp-json\/wp\/v2\/categories?post=94867"},{"taxonomy":"post_tag","embeddable":true,"href":"https:\/\/www.caririemacao.com\/1\/wp-json\/wp\/v2\/tags?post=94867"}],"curies":[{"name":"wp","href":"https:\/\/api.w.org\/{rel}","templated":true}]}}