{"id":94872,"date":"2019-05-13T13:23:59","date_gmt":"2019-05-13T16:23:59","guid":{"rendered":"http:\/\/www.caririemacao.com\/1\/?p=94872"},"modified":"2019-05-13T13:28:48","modified_gmt":"2019-05-13T16:28:48","slug":"populacao-de-sume-e-beneficiada-com-cirurgias-de-catarata","status":"publish","type":"post","link":"https:\/\/www.caririemacao.com\/1\/2019\/05\/13\/populacao-de-sume-e-beneficiada-com-cirurgias-de-catarata\/","title":{"rendered":"Popula\u00e7\u00e3o de Sum\u00e9 \u00e9 beneficiada com cirurgias de catarata"},"content":{"rendered":"\n<p>Em uma a\u00e7\u00e3o conjunta entre a Prefeitura de Sum\u00e9 e o Governo da Para\u00edba, a Secretaria Municipal de Sa\u00fade ofereceu no \u00faltimo final de semana, mais uma etapa de cirurgias de catarata a pacientes do munic\u00edpio.<\/p>\n\n\n\n<p>Os procedimentos cir\u00fargicos ocorreram no Hospital e Maternidade Santa Filomena, em Monteiro, sob os cuidados do m\u00e9dico oftalmo, Leonardo Falc\u00e3o e equipe. At\u00e9 o pr\u00f3ximo dia 25, o mutir\u00e3o continua, totalizando 55 cirurgias do munic\u00edpio de Sum\u00e9.<\/p>\n\n\n\n<p>Em apenas dois dias, a Prefeitura possibilitou que dezenas de pessoas enxergassem melhor. A sumeense, Helena Melo da Silva, 83 anos, uma das 30 pacientes beneficiadas somente nessa semana, disse que estava muito contente pela oportunidade de ter a vis\u00e3o de volta.<\/p>\n\n\n\n<p>A Secretaria de Sa\u00fade de Sum\u00e9 espera com isso zerar a fila dos pacientes que aguardam por esse atendimento no munic\u00edpio. <\/p>\n\n\n\n<p>De acordo com Leonardo Falc\u00e3o, a catarata \u00e9 a perda da transpar\u00eancia e o envelhecimento do cristalino \u2014 lente situada atr\u00e1s da \u00edris. \u00c9 como se fosse uma barreira impedindo que a luz entre de forma adequada pra incidir na retina neurossensorial, acrescentou o m\u00e9dico. <\/p>\n\n\n\n<p>Vale salientar que a catarata \u00e9 respons\u00e1vel por 47,8% dos casos de cegueira no mundo, conforme dados da Organiza\u00e7\u00e3o Mundial da Sa\u00fade.<\/p>\n","protected":false},"excerpt":{"rendered":"<p>Em uma a\u00e7\u00e3o conjunta entre a Prefeitura de Sum\u00e9 e o Governo da Para\u00edba, a Secretaria Municipal de Sa\u00fade ofereceu no \u00faltimo final de semana,&hellip; <\/p>\n","protected":false},"author":1,"featured_media":94874,"comment_status":"closed","ping_status":"closed","sticky":false,"template":"","format":"standard","meta":{"sfsi_plus_gutenberg_text_before_share":"","sfsi_plus_gutenberg_show_text_before_share":"","sfsi_plus_gutenberg_icon_type":"","sfsi_plus_gutenberg_icon_alignemt":"","sfsi_plus_gutenburg_max_per_row":"","footnotes":""},"categories":[16],"tags":[],"class_list":["post-94872","post","type-post","status-publish","format-standard","has-post-thumbnail","hentry","category-saude"],"_links":{"self":[{"href":"https:\/\/www.caririemacao.com\/1\/wp-json\/wp\/v2\/posts\/94872","targetHints":{"allow":["GET"]}}],"collection":[{"href":"https:\/\/www.caririemacao.com\/1\/wp-json\/wp\/v2\/posts"}],"about":[{"href":"https:\/\/www.caririemacao.com\/1\/wp-json\/wp\/v2\/types\/post"}],"author":[{"embeddable":true,"href":"https:\/\/www.caririemacao.com\/1\/wp-json\/wp\/v2\/users\/1"}],"replies":[{"embeddable":true,"href":"https:\/\/www.caririemacao.com\/1\/wp-json\/wp\/v2\/comments?post=94872"}],"version-history":[{"count":2,"href":"https:\/\/www.caririemacao.com\/1\/wp-json\/wp\/v2\/posts\/94872\/revisions"}],"predecessor-version":[{"id":94876,"href":"https:\/\/www.caririemacao.com\/1\/wp-json\/wp\/v2\/posts\/94872\/revisions\/94876"}],"wp:featuredmedia":[{"embeddable":true,"href":"https:\/\/www.caririemacao.com\/1\/wp-json\/wp\/v2\/media\/94874"}],"wp:attachment":[{"href":"https:\/\/www.caririemacao.com\/1\/wp-json\/wp\/v2\/media?parent=94872"}],"wp:term":[{"taxonomy":"category","embeddable":true,"href":"https:\/\/www.caririemacao.com\/1\/wp-json\/wp\/v2\/categories?post=94872"},{"taxonomy":"post_tag","embeddable":true,"href":"https:\/\/www.caririemacao.com\/1\/wp-json\/wp\/v2\/tags?post=94872"}],"curies":[{"name":"wp","href":"https:\/\/api.w.org\/{rel}","templated":true}]}}