{"id":94878,"date":"2019-05-13T13:39:27","date_gmt":"2019-05-13T16:39:27","guid":{"rendered":"http:\/\/www.caririemacao.com\/1\/?p=94878"},"modified":"2019-05-13T13:39:27","modified_gmt":"2019-05-13T16:39:27","slug":"paraiba-tem-mais-de-15-mil-eleitores-com-titulo-cancelado","status":"publish","type":"post","link":"https:\/\/www.caririemacao.com\/1\/2019\/05\/13\/paraiba-tem-mais-de-15-mil-eleitores-com-titulo-cancelado\/","title":{"rendered":"Para\u00edba tem mais de 15 mil eleitores com t\u00edtulo cancelado"},"content":{"rendered":"\n<p><br>15.738. Este \u00e9 o n\u00famero de eleitores que tiveram seus t\u00edtulos eleitorais cancelados na Para\u00edba. O prazo para a regulariza\u00e7\u00e3o de quem n\u00e3o votou nas \u00faltimas tr\u00eas elei\u00e7\u00f5es, se encerrou no \u00faltimo dia 6 de maio, ap\u00f3s v\u00e1rios meses de divulga\u00e7\u00e3o e chamamento da Justi\u00e7a Eleitoral.<\/p>\n\n\n\n<p>De acordo com a chefe do cart\u00f3rio da 17\u00aa Zona Eleitoral, Sandra Faria, caso os eleitores n\u00e3o regularizem a situa\u00e7\u00e3o, ter\u00e3o grandes preju\u00edzos.<\/p>\n\n\n\n<figure class=\"wp-block-image\"><img decoding=\"async\" data-src=\"https:\/\/paraibaonline.com.br\/wp-content\/uploads\/2019\/05\/titulo-eleitor0605.jpg\" alt=\"Foto: Marcello Casal Jr.\/Ag\u00eancia Brasil\" class=\"wp-image-734888 lazyload\" src=\"data:image\/svg+xml;base64,PHN2ZyB3aWR0aD0iMSIgaGVpZ2h0PSIxIiB4bWxucz0iaHR0cDovL3d3dy53My5vcmcvMjAwMC9zdmciPjwvc3ZnPg==\" \/><\/figure>\n\n\n\n<p>Foto: Marcello Casal Jr.\/Ag\u00eancia Brasil<\/p>\n\n\n\n<p>\u2013 O cancelamento do t\u00edtulo gera efeitos negativos na vida civil do cidad\u00e3o. Ele vai ter o CPF com irregularidades, al\u00e9m de n\u00e3o poder se matricular em universidades, fazer concurso p\u00fablico, contrair empr\u00e9stimos, tirar passaportes e outros. Para que que essa situa\u00e7\u00e3o seja resolvida, o eleitor precisa ir at\u00e9 o cart\u00f3rio eleitoral mais pr\u00f3ximo, pagar as multas e dar entrada no processo de regulariza\u00e7\u00e3o que \u00e9 feito de forma c\u00e9lere \u2013 disse.<\/p>\n","protected":false},"excerpt":{"rendered":"<p>15.738. Este \u00e9 o n\u00famero de eleitores que tiveram seus t\u00edtulos eleitorais cancelados na Para\u00edba. O prazo para a regulariza\u00e7\u00e3o de quem n\u00e3o votou nas&hellip; <\/p>\n","protected":false},"author":1,"featured_media":85997,"comment_status":"closed","ping_status":"closed","sticky":false,"template":"","format":"standard","meta":{"sfsi_plus_gutenberg_text_before_share":"","sfsi_plus_gutenberg_show_text_before_share":"","sfsi_plus_gutenberg_icon_type":"","sfsi_plus_gutenberg_icon_alignemt":"","sfsi_plus_gutenburg_max_per_row":"","footnotes":""},"categories":[11],"tags":[],"class_list":["post-94878","post","type-post","status-publish","format-standard","has-post-thumbnail","hentry","category-politica"],"_links":{"self":[{"href":"https:\/\/www.caririemacao.com\/1\/wp-json\/wp\/v2\/posts\/94878","targetHints":{"allow":["GET"]}}],"collection":[{"href":"https:\/\/www.caririemacao.com\/1\/wp-json\/wp\/v2\/posts"}],"about":[{"href":"https:\/\/www.caririemacao.com\/1\/wp-json\/wp\/v2\/types\/post"}],"author":[{"embeddable":true,"href":"https:\/\/www.caririemacao.com\/1\/wp-json\/wp\/v2\/users\/1"}],"replies":[{"embeddable":true,"href":"https:\/\/www.caririemacao.com\/1\/wp-json\/wp\/v2\/comments?post=94878"}],"version-history":[{"count":1,"href":"https:\/\/www.caririemacao.com\/1\/wp-json\/wp\/v2\/posts\/94878\/revisions"}],"predecessor-version":[{"id":94879,"href":"https:\/\/www.caririemacao.com\/1\/wp-json\/wp\/v2\/posts\/94878\/revisions\/94879"}],"wp:featuredmedia":[{"embeddable":true,"href":"https:\/\/www.caririemacao.com\/1\/wp-json\/wp\/v2\/media\/85997"}],"wp:attachment":[{"href":"https:\/\/www.caririemacao.com\/1\/wp-json\/wp\/v2\/media?parent=94878"}],"wp:term":[{"taxonomy":"category","embeddable":true,"href":"https:\/\/www.caririemacao.com\/1\/wp-json\/wp\/v2\/categories?post=94878"},{"taxonomy":"post_tag","embeddable":true,"href":"https:\/\/www.caririemacao.com\/1\/wp-json\/wp\/v2\/tags?post=94878"}],"curies":[{"name":"wp","href":"https:\/\/api.w.org\/{rel}","templated":true}]}}