{"id":94892,"date":"2019-05-13T13:59:35","date_gmt":"2019-05-13T16:59:35","guid":{"rendered":"http:\/\/www.caririemacao.com\/1\/?p=94892"},"modified":"2019-05-13T13:59:35","modified_gmt":"2019-05-13T16:59:35","slug":"romero-define-data-para-evento-de-filiacao-oficial-no-psd","status":"publish","type":"post","link":"https:\/\/www.caririemacao.com\/1\/2019\/05\/13\/romero-define-data-para-evento-de-filiacao-oficial-no-psd\/","title":{"rendered":"Romero define data para evento de filia\u00e7\u00e3o oficial no PSD"},"content":{"rendered":"\n<p>O prefeito de Campina Grande, Romero Rodrigues, se filiar\u00e1 oficialmente ao Partido Social Democr\u00e1tico (PSD) no pr\u00f3ximo dia 27 (s\u00e1bado). O ato acontecer\u00e1 no audit\u00f3rio do Senac, na Avenida Manoel Tavares. A presidente estadual do partido e secret\u00e1ria de Assist\u00eancia Social do munic\u00edpio, Eva Gouveia, e o ex-senador Raimundo Lira (PSD) referendar\u00e3o a filia\u00e7\u00e3o de Romero.<\/p>\n\n\n\n<p>O gestor deixa o PSDB ap\u00f3s anos filiados \u00e0 sigla que ajudou a fundar em Campina Grande e na Para\u00edba. Lideran\u00e7as do ninho tucano como os deputados Pedro Cunha Lima (novo presidente estadual do PSDB) e Ruy Carneiro (ex-presidente estadual e atual de Jo\u00e3o Pessoa) dever\u00e3o estar na solenidade.<\/p>\n\n\n\n<p>Prefeitos da regi\u00e3o tamb\u00e9m estar\u00e3o no ato, al\u00e9m de vereadores da base de Romero que dever\u00e3o seguir a orienta\u00e7\u00e3o pol\u00edtica do prefeito que no PSD ter\u00e1 papel de destaque.<\/p>\n\n\n\n<p><em>Para\u00edba Debate<\/em><\/p>\n","protected":false},"excerpt":{"rendered":"<p>O prefeito de Campina Grande, Romero Rodrigues, se filiar\u00e1 oficialmente ao Partido Social Democr\u00e1tico (PSD) no pr\u00f3ximo dia 27 (s\u00e1bado). O ato acontecer\u00e1 no audit\u00f3rio&hellip; <\/p>\n","protected":false},"author":1,"featured_media":94893,"comment_status":"closed","ping_status":"closed","sticky":false,"template":"","format":"standard","meta":{"sfsi_plus_gutenberg_text_before_share":"","sfsi_plus_gutenberg_show_text_before_share":"","sfsi_plus_gutenberg_icon_type":"","sfsi_plus_gutenberg_icon_alignemt":"","sfsi_plus_gutenburg_max_per_row":"","footnotes":""},"categories":[11],"tags":[],"class_list":["post-94892","post","type-post","status-publish","format-standard","has-post-thumbnail","hentry","category-politica"],"_links":{"self":[{"href":"https:\/\/www.caririemacao.com\/1\/wp-json\/wp\/v2\/posts\/94892","targetHints":{"allow":["GET"]}}],"collection":[{"href":"https:\/\/www.caririemacao.com\/1\/wp-json\/wp\/v2\/posts"}],"about":[{"href":"https:\/\/www.caririemacao.com\/1\/wp-json\/wp\/v2\/types\/post"}],"author":[{"embeddable":true,"href":"https:\/\/www.caririemacao.com\/1\/wp-json\/wp\/v2\/users\/1"}],"replies":[{"embeddable":true,"href":"https:\/\/www.caririemacao.com\/1\/wp-json\/wp\/v2\/comments?post=94892"}],"version-history":[{"count":1,"href":"https:\/\/www.caririemacao.com\/1\/wp-json\/wp\/v2\/posts\/94892\/revisions"}],"predecessor-version":[{"id":94894,"href":"https:\/\/www.caririemacao.com\/1\/wp-json\/wp\/v2\/posts\/94892\/revisions\/94894"}],"wp:featuredmedia":[{"embeddable":true,"href":"https:\/\/www.caririemacao.com\/1\/wp-json\/wp\/v2\/media\/94893"}],"wp:attachment":[{"href":"https:\/\/www.caririemacao.com\/1\/wp-json\/wp\/v2\/media?parent=94892"}],"wp:term":[{"taxonomy":"category","embeddable":true,"href":"https:\/\/www.caririemacao.com\/1\/wp-json\/wp\/v2\/categories?post=94892"},{"taxonomy":"post_tag","embeddable":true,"href":"https:\/\/www.caririemacao.com\/1\/wp-json\/wp\/v2\/tags?post=94892"}],"curies":[{"name":"wp","href":"https:\/\/api.w.org\/{rel}","templated":true}]}}