{"id":94895,"date":"2019-05-13T14:01:50","date_gmt":"2019-05-13T17:01:50","guid":{"rendered":"http:\/\/www.caririemacao.com\/1\/?p=94895"},"modified":"2019-05-13T14:01:50","modified_gmt":"2019-05-13T17:01:50","slug":"um-ano-sem-romulo-gouveia","status":"publish","type":"post","link":"https:\/\/www.caririemacao.com\/1\/2019\/05\/13\/um-ano-sem-romulo-gouveia\/","title":{"rendered":"Um ano sem R\u00f4mulo Gouveia"},"content":{"rendered":"\n<p>H\u00e1 exatamente um ano, no dia 13 de maio de 2018, a Para\u00edba perdia um dos mais atuantes parlamentares da Para\u00edba: R\u00f4mulo Jos\u00e9 de Gouveia. A not\u00edcia da prematura morte de R\u00f4mulo, abalou a Para\u00edba.<\/p>\n\n\n\n<p>R\u00f4mulo era um pol\u00edtico que tinha dedica\u00e7\u00e3o exclusiva com as pautas da Para\u00edba.<\/p>\n\n\n\n<p>Nesta segunda-feira (13), o Instituto Hist\u00f3rico de Campina Grande prestou uma homenagem ao deputado R\u00f4mulo. Ser\u00e3o celebradas missas em Campina Grande e Sum\u00e9.<\/p>\n\n\n\n<p><strong>A ex-deputado e vi\u00fava de R\u00f4mulo, Eva Gouveia, escreveu o seguinte texto em suas redes sociais:<\/strong><\/p>\n\n\n\n<p><em>\u201cH\u00e1 1 ano atr\u00e1s est\u00e1vamos juntos partilhando umas das piores not\u00edcias de toda a minha vida. Muitas manifesta\u00e7\u00f5es de carinho e apoio emanaram for\u00e7as para que atravess\u00e1ssemos aquele deserto sombrio e cheg\u00e1ssemos at\u00e9 aqui. Todos os dias t\u00eam sido de saudade, de lembran\u00e7as. Os exemplos que Romulo deixou tem sido o combust\u00edvel para seguirmos em frente com o seu objetivo de vida: cuidar das pessoas.<\/em><\/p>\n\n\n\n<p><em>\u201cHoje nos reuniremos em uma celebra\u00e7\u00e3o eucar\u00edstica para rezar em sua lembran\u00e7a, para rogar a Deus pelo seu descanso e para que sejamos abastecidos com a Palavra que nos orienta e nos leva pelos aos melhores caminhos. Irei participar da missa \u00e0s 19h30 no Semin\u00e1rio Diocesano, em frente \u00e0 minha casa, e agrade\u00e7o a solidariedade de todos os que puderem se fazer presentes a este ato de f\u00e9\u201d.<\/em><\/p>\n\n\n\n<figure class=\"wp-block-image\"><img decoding=\"async\" data-src=\"http:\/\/www.blogdobrunolira.com.br\/wp-content\/uploads\/2019\/05\/60179758_1616556475156081_4214023294367563776_n.jpg\" alt=\"\" class=\"wp-image-11591 lazyload\" src=\"data:image\/svg+xml;base64,PHN2ZyB3aWR0aD0iMSIgaGVpZ2h0PSIxIiB4bWxucz0iaHR0cDovL3d3dy53My5vcmcvMjAwMC9zdmciPjwvc3ZnPg==\" \/><\/figure>\n\n\n\n<h1 class=\"wp-block-heading\"><strong>Biografia<\/strong><\/h1>\n\n\n\n<p>R\u00f4mulo Jos\u00e9 de Gouveia nasceu em Campina Grande, no dia 19 de mar\u00e7o de 1965. Filiado ao PSD, era deputado federal eleito pela Para\u00edba e presidente da legenda no Estado. Antes, ele foi filiado ao PMDB, PPS e PSDB e exerceu um mandato de vice-governador da Para\u00edba, deputado estadual e vereador em Campina Grande.<\/p>\n\n\n\n<p><strong>Blog do Bruno Lira<\/strong><\/p>\n","protected":false},"excerpt":{"rendered":"<p>H\u00e1 exatamente um ano, no dia 13 de maio de 2018, a Para\u00edba perdia um dos mais atuantes parlamentares da Para\u00edba: R\u00f4mulo Jos\u00e9 de Gouveia.&hellip; <\/p>\n","protected":false},"author":1,"featured_media":50918,"comment_status":"closed","ping_status":"closed","sticky":false,"template":"","format":"standard","meta":{"sfsi_plus_gutenberg_text_before_share":"","sfsi_plus_gutenberg_show_text_before_share":"","sfsi_plus_gutenberg_icon_type":"","sfsi_plus_gutenberg_icon_alignemt":"","sfsi_plus_gutenburg_max_per_row":"","footnotes":""},"categories":[11],"tags":[],"class_list":["post-94895","post","type-post","status-publish","format-standard","has-post-thumbnail","hentry","category-politica"],"_links":{"self":[{"href":"https:\/\/www.caririemacao.com\/1\/wp-json\/wp\/v2\/posts\/94895","targetHints":{"allow":["GET"]}}],"collection":[{"href":"https:\/\/www.caririemacao.com\/1\/wp-json\/wp\/v2\/posts"}],"about":[{"href":"https:\/\/www.caririemacao.com\/1\/wp-json\/wp\/v2\/types\/post"}],"author":[{"embeddable":true,"href":"https:\/\/www.caririemacao.com\/1\/wp-json\/wp\/v2\/users\/1"}],"replies":[{"embeddable":true,"href":"https:\/\/www.caririemacao.com\/1\/wp-json\/wp\/v2\/comments?post=94895"}],"version-history":[{"count":1,"href":"https:\/\/www.caririemacao.com\/1\/wp-json\/wp\/v2\/posts\/94895\/revisions"}],"predecessor-version":[{"id":94896,"href":"https:\/\/www.caririemacao.com\/1\/wp-json\/wp\/v2\/posts\/94895\/revisions\/94896"}],"wp:featuredmedia":[{"embeddable":true,"href":"https:\/\/www.caririemacao.com\/1\/wp-json\/wp\/v2\/media\/50918"}],"wp:attachment":[{"href":"https:\/\/www.caririemacao.com\/1\/wp-json\/wp\/v2\/media?parent=94895"}],"wp:term":[{"taxonomy":"category","embeddable":true,"href":"https:\/\/www.caririemacao.com\/1\/wp-json\/wp\/v2\/categories?post=94895"},{"taxonomy":"post_tag","embeddable":true,"href":"https:\/\/www.caririemacao.com\/1\/wp-json\/wp\/v2\/tags?post=94895"}],"curies":[{"name":"wp","href":"https:\/\/api.w.org\/{rel}","templated":true}]}}