{"id":94899,"date":"2019-05-13T14:03:49","date_gmt":"2019-05-13T17:03:49","guid":{"rendered":"http:\/\/www.caririemacao.com\/1\/?p=94899"},"modified":"2019-05-13T14:03:49","modified_gmt":"2019-05-13T17:03:49","slug":"prefeitura-de-zabele-destina-verba-do-precatorio-do-fundef-para-os-professores-da-rede-municipal","status":"publish","type":"post","link":"https:\/\/www.caririemacao.com\/1\/2019\/05\/13\/prefeitura-de-zabele-destina-verba-do-precatorio-do-fundef-para-os-professores-da-rede-municipal\/","title":{"rendered":"Prefeitura de Zabel\u00ea destina verba do precat\u00f3rio do Fundef para os professores da Rede Municipal"},"content":{"rendered":"\n<p>O munic\u00edpio de Zabele na gest\u00e3o do prefeito Dalyson, realizou acordo judicial com a confedera\u00e7\u00e3o dos servidores p\u00fablicos municipais, para destinar 250 mil reais oriundos do precat\u00f3rio do FUNDEF para os professores da rede municipal de ensino.<\/p>\n\n\n\n<p>A \u00faltima parcela do acordo foi plenamente quitada nesta segunda feira 13\/05\/2019.<\/p>\n\n\n\n<p>O representante da Confedera\u00e7\u00e3o na Para\u00edba, Netinho Maracaj\u00e1, parabenizou o prefeito Dalyson pela atitute, que beneficiou a rede municipal de ensino, salientando que outros munic\u00edpios n\u00e3o destinaram tais recursos aos professores.<\/p>\n\n\n\n<p>O prefeito Dalyson revelou seu desejo em sempre incentivar os docentes do munic\u00edpio atrav\u00e9s de a\u00e7\u00f5es como este acordo que foi realizado.<\/p>\n","protected":false},"excerpt":{"rendered":"<p>O munic\u00edpio de Zabele na gest\u00e3o do prefeito Dalyson, realizou acordo judicial com a confedera\u00e7\u00e3o dos servidores p\u00fablicos municipais, para destinar 250 mil reais oriundos&hellip; <\/p>\n","protected":false},"author":1,"featured_media":94900,"comment_status":"closed","ping_status":"closed","sticky":false,"template":"","format":"standard","meta":{"sfsi_plus_gutenberg_text_before_share":"","sfsi_plus_gutenberg_show_text_before_share":"","sfsi_plus_gutenberg_icon_type":"","sfsi_plus_gutenberg_icon_alignemt":"","sfsi_plus_gutenburg_max_per_row":"","footnotes":""},"categories":[6],"tags":[],"class_list":["post-94899","post","type-post","status-publish","format-standard","has-post-thumbnail","hentry","category-cidades"],"_links":{"self":[{"href":"https:\/\/www.caririemacao.com\/1\/wp-json\/wp\/v2\/posts\/94899","targetHints":{"allow":["GET"]}}],"collection":[{"href":"https:\/\/www.caririemacao.com\/1\/wp-json\/wp\/v2\/posts"}],"about":[{"href":"https:\/\/www.caririemacao.com\/1\/wp-json\/wp\/v2\/types\/post"}],"author":[{"embeddable":true,"href":"https:\/\/www.caririemacao.com\/1\/wp-json\/wp\/v2\/users\/1"}],"replies":[{"embeddable":true,"href":"https:\/\/www.caririemacao.com\/1\/wp-json\/wp\/v2\/comments?post=94899"}],"version-history":[{"count":1,"href":"https:\/\/www.caririemacao.com\/1\/wp-json\/wp\/v2\/posts\/94899\/revisions"}],"predecessor-version":[{"id":94901,"href":"https:\/\/www.caririemacao.com\/1\/wp-json\/wp\/v2\/posts\/94899\/revisions\/94901"}],"wp:featuredmedia":[{"embeddable":true,"href":"https:\/\/www.caririemacao.com\/1\/wp-json\/wp\/v2\/media\/94900"}],"wp:attachment":[{"href":"https:\/\/www.caririemacao.com\/1\/wp-json\/wp\/v2\/media?parent=94899"}],"wp:term":[{"taxonomy":"category","embeddable":true,"href":"https:\/\/www.caririemacao.com\/1\/wp-json\/wp\/v2\/categories?post=94899"},{"taxonomy":"post_tag","embeddable":true,"href":"https:\/\/www.caririemacao.com\/1\/wp-json\/wp\/v2\/tags?post=94899"}],"curies":[{"name":"wp","href":"https:\/\/api.w.org\/{rel}","templated":true}]}}