{"id":94905,"date":"2019-05-13T14:56:45","date_gmt":"2019-05-13T17:56:45","guid":{"rendered":"http:\/\/www.caririemacao.com\/1\/?p=94905"},"modified":"2019-05-13T14:56:45","modified_gmt":"2019-05-13T17:56:45","slug":"secretaria-de-saude-de-prata-atinge-meta-de-imunizacao-da-vacina-da-gripe","status":"publish","type":"post","link":"https:\/\/www.caririemacao.com\/1\/2019\/05\/13\/secretaria-de-saude-de-prata-atinge-meta-de-imunizacao-da-vacina-da-gripe\/","title":{"rendered":"Secretaria de Sa\u00fade de Prata atinge meta de imuniza\u00e7\u00e3o da vacina da gripe"},"content":{"rendered":"\n<p>O Munic\u00edpio de Prata atingiu a meta de vacina\u00e7\u00e3o contra a gripe Influenza, estipulada pelo Minist\u00e9rio da Sa\u00fade, que era imunizar 90% das pessoas dos grupos mais suscet\u00edveis \u00e0 doen\u00e7a. Mesmo atingindo a meta da campanha, a Prefeitura d\u00e1 prosseguimento a vacina\u00e7\u00e3o para que 100% do p\u00fablico-alvo possa se proteger da gripe. A vacina\u00e7\u00e3o continua dispon\u00edvel nos postos de sa\u00fade do munic\u00edpio at\u00e9 o fim da campanha que ser\u00e1 dia 31 de maio.<\/p>\n\n\n\n<p>Para a secret\u00e1ria de sa\u00fade do munic\u00edpio, Maria Aparecida, a vontade e o compromisso de fazer o melhor para a sa\u00fade da popula\u00e7\u00e3o \u00e9 o lema de todos na prefeitura de Prata. \u201cEstamos muito satisfeitos com esse resultado, que s\u00f3 foi poss\u00edvel porque profissionais comprometidos com a sa\u00fade das nossas crian\u00e7as, idosos e todos que est\u00e3o nos grupos de riscos, se dedicaram dia a dia para alcan\u00e7ar essa meta. Queremos agradecer tamb\u00e9m e parabenizar a coordena\u00e7\u00e3o e toda equipe de vacinadoras Ana e Raiane, aos Agentes de Sa\u00fade por todo o suporte e toda equipe envolvida na cobertura\u201d, finalizou.<\/p>\n\n\n\n<p>Para o prefeito do munic\u00edpio Junior N\u00f3brega \u201c\u00e9 momento de gratid\u00e3o e reconhecimento tanto de toda equipe de sa\u00fade como tamb\u00e9m todos os pais e respons\u00e1veis que n\u00e3o mediram esfor\u00e7os para garantir a imuniza\u00e7\u00e3o de todos e lembrar a popula\u00e7\u00e3o que o compromisso de proteger nosso povo atrav\u00e9s da vacina \u00e9 de todos n\u00f3s\u201d, destacou.<\/p>\n","protected":false},"excerpt":{"rendered":"<p>O Munic\u00edpio de Prata atingiu a meta de vacina\u00e7\u00e3o contra a gripe Influenza, estipulada pelo Minist\u00e9rio da Sa\u00fade, que era imunizar 90% das pessoas dos&hellip; <\/p>\n","protected":false},"author":1,"featured_media":94906,"comment_status":"closed","ping_status":"closed","sticky":false,"template":"","format":"standard","meta":{"sfsi_plus_gutenberg_text_before_share":"","sfsi_plus_gutenberg_show_text_before_share":"","sfsi_plus_gutenberg_icon_type":"","sfsi_plus_gutenberg_icon_alignemt":"","sfsi_plus_gutenburg_max_per_row":"","footnotes":""},"categories":[16],"tags":[],"class_list":["post-94905","post","type-post","status-publish","format-standard","has-post-thumbnail","hentry","category-saude"],"_links":{"self":[{"href":"https:\/\/www.caririemacao.com\/1\/wp-json\/wp\/v2\/posts\/94905","targetHints":{"allow":["GET"]}}],"collection":[{"href":"https:\/\/www.caririemacao.com\/1\/wp-json\/wp\/v2\/posts"}],"about":[{"href":"https:\/\/www.caririemacao.com\/1\/wp-json\/wp\/v2\/types\/post"}],"author":[{"embeddable":true,"href":"https:\/\/www.caririemacao.com\/1\/wp-json\/wp\/v2\/users\/1"}],"replies":[{"embeddable":true,"href":"https:\/\/www.caririemacao.com\/1\/wp-json\/wp\/v2\/comments?post=94905"}],"version-history":[{"count":1,"href":"https:\/\/www.caririemacao.com\/1\/wp-json\/wp\/v2\/posts\/94905\/revisions"}],"predecessor-version":[{"id":94907,"href":"https:\/\/www.caririemacao.com\/1\/wp-json\/wp\/v2\/posts\/94905\/revisions\/94907"}],"wp:featuredmedia":[{"embeddable":true,"href":"https:\/\/www.caririemacao.com\/1\/wp-json\/wp\/v2\/media\/94906"}],"wp:attachment":[{"href":"https:\/\/www.caririemacao.com\/1\/wp-json\/wp\/v2\/media?parent=94905"}],"wp:term":[{"taxonomy":"category","embeddable":true,"href":"https:\/\/www.caririemacao.com\/1\/wp-json\/wp\/v2\/categories?post=94905"},{"taxonomy":"post_tag","embeddable":true,"href":"https:\/\/www.caririemacao.com\/1\/wp-json\/wp\/v2\/tags?post=94905"}],"curies":[{"name":"wp","href":"https:\/\/api.w.org\/{rel}","templated":true}]}}