{"id":94911,"date":"2019-05-13T17:43:19","date_gmt":"2019-05-13T20:43:19","guid":{"rendered":"http:\/\/www.caririemacao.com\/1\/?p=94911"},"modified":"2019-05-13T17:43:19","modified_gmt":"2019-05-13T20:43:19","slug":"frentista-reage-a-assalto-e-joga-combustivel-no-rosto-do-bandido-no-am","status":"publish","type":"post","link":"https:\/\/www.caririemacao.com\/1\/2019\/05\/13\/frentista-reage-a-assalto-e-joga-combustivel-no-rosto-do-bandido-no-am\/","title":{"rendered":"Frentista reage a assalto e joga combust\u00edvel no rosto do bandido no AM"},"content":{"rendered":"\n<p>Durante uma tentativa de assalto a um posto de combust\u00edvel em Parintins (AM), o frentista que estava de plant\u00e3o reagiu e disparou jatos de combust\u00edvel no rosto do suspeito de cometer o crime. O caso aconteceu na quinta-feira (9) e foi registrado por c\u00e2meras de seguran\u00e7a.&nbsp;Um homem e uma mulher chegam ao posto em uma moto e o condutor anuncia o assalto. O&nbsp;frentista&nbsp;imediatamente puxa a mangueira e solta jatos de gasolina no suspeito. O homem, ent\u00e3o, volta para a moto e vai embora do local. A jovem de 16 anos que o acompanhava tamb\u00e9m fugiu.<\/p>\n\n\n\n<p>Com ajuda de moradores da regi\u00e3o, os dois foram identificados e capturados pela&nbsp;Pol\u00edcia Militar&nbsp;. Policiais ainda apreenderam facas e a moto usada na tentativa de&nbsp;assalto.<\/p>\n\n\n\n<p>O homem foi autuado por tentativa de homic\u00eddio e deve permanecer preso. A adolescente, por ser menor de idade, ser\u00e1 liberada de acordo com os procedimentos legais.<\/p>\n\n\n\n<p>informa\u00e7\u00f5es s\u00e3o do G1.<\/p>\n\n\n\n<p>V\u00cdDEO ABAIXO<\/p>\n\n\n\n<figure><iframe data-src=\"https:\/\/www.youtube.com\/embed\/ZSh4kLwoGkw?feature=oembed\" allowfullscreen=\"\" src=\"data:image\/svg+xml;base64,PHN2ZyB3aWR0aD0iMSIgaGVpZ2h0PSIxIiB4bWxucz0iaHR0cDovL3d3dy53My5vcmcvMjAwMC9zdmciPjwvc3ZnPg==\" class=\"lazyload\" data-load-mode=\"1\"><\/iframe><\/figure>\n\n\n\n<p><a href=\"http:\/\/hora1pb.com.br\/#facebook\" rel=\"noreferrer noopener\" target=\"_blank\"><br><\/a><\/p>\n","protected":false},"excerpt":{"rendered":"<p>Durante uma tentativa de assalto a um posto de combust\u00edvel em Parintins (AM), o frentista que estava de plant\u00e3o reagiu e disparou jatos de combust\u00edvel&hellip; <\/p>\n","protected":false},"author":1,"featured_media":94912,"comment_status":"closed","ping_status":"closed","sticky":false,"template":"","format":"standard","meta":{"sfsi_plus_gutenberg_text_before_share":"","sfsi_plus_gutenberg_show_text_before_share":"","sfsi_plus_gutenberg_icon_type":"","sfsi_plus_gutenberg_icon_alignemt":"","sfsi_plus_gutenburg_max_per_row":"","footnotes":""},"categories":[50,12],"tags":[],"class_list":["post-94911","post","type-post","status-publish","format-standard","has-post-thumbnail","hentry","category-destaque","category-policia"],"_links":{"self":[{"href":"https:\/\/www.caririemacao.com\/1\/wp-json\/wp\/v2\/posts\/94911","targetHints":{"allow":["GET"]}}],"collection":[{"href":"https:\/\/www.caririemacao.com\/1\/wp-json\/wp\/v2\/posts"}],"about":[{"href":"https:\/\/www.caririemacao.com\/1\/wp-json\/wp\/v2\/types\/post"}],"author":[{"embeddable":true,"href":"https:\/\/www.caririemacao.com\/1\/wp-json\/wp\/v2\/users\/1"}],"replies":[{"embeddable":true,"href":"https:\/\/www.caririemacao.com\/1\/wp-json\/wp\/v2\/comments?post=94911"}],"version-history":[{"count":1,"href":"https:\/\/www.caririemacao.com\/1\/wp-json\/wp\/v2\/posts\/94911\/revisions"}],"predecessor-version":[{"id":94913,"href":"https:\/\/www.caririemacao.com\/1\/wp-json\/wp\/v2\/posts\/94911\/revisions\/94913"}],"wp:featuredmedia":[{"embeddable":true,"href":"https:\/\/www.caririemacao.com\/1\/wp-json\/wp\/v2\/media\/94912"}],"wp:attachment":[{"href":"https:\/\/www.caririemacao.com\/1\/wp-json\/wp\/v2\/media?parent=94911"}],"wp:term":[{"taxonomy":"category","embeddable":true,"href":"https:\/\/www.caririemacao.com\/1\/wp-json\/wp\/v2\/categories?post=94911"},{"taxonomy":"post_tag","embeddable":true,"href":"https:\/\/www.caririemacao.com\/1\/wp-json\/wp\/v2\/tags?post=94911"}],"curies":[{"name":"wp","href":"https:\/\/api.w.org\/{rel}","templated":true}]}}