{"id":94920,"date":"2019-05-13T17:48:29","date_gmt":"2019-05-13T20:48:29","guid":{"rendered":"http:\/\/www.caririemacao.com\/1\/?p=94920"},"modified":"2019-05-13T17:48:29","modified_gmt":"2019-05-13T20:48:29","slug":"mais-medicos-abre-novo-edital-e-59-vagas-sao-destinadas-para-a-paraiba","status":"publish","type":"post","link":"https:\/\/www.caririemacao.com\/1\/2019\/05\/13\/mais-medicos-abre-novo-edital-e-59-vagas-sao-destinadas-para-a-paraiba\/","title":{"rendered":"Mais M\u00e9dicos abre novo edital e 59 vagas s\u00e3o destinadas para a Para\u00edba"},"content":{"rendered":"\n<p>O Minist\u00e9rio da Sa\u00fade lan\u00e7ou nesta segunda-feira (13) um novo edital do Programa Mais M\u00e9dicos. Na Para\u00edba ser\u00e3o ofertadas&nbsp;59 vagas em 38 munic\u00edpios. O objetivo \u00e9 contratar 2.000 m\u00e9dicos que devem atuar em 790 munic\u00edpios considerados carentes ou de dif\u00edcil acesso, onde vivem cerca de 6 milh\u00f5es de pessoas.<br><\/p>\n\n\n\n<p><a href=\"http:\/\/portalarquivos2.saude.gov.br\/images\/pdf\/2019\/maio\/13\/vagaspreliminaresEDITAL18--CICLO.pdf\">Confira aqui a lista dos munic\u00edpios beneficiados com as vagas.<\/a><\/p>\n\n\n\n<p>Os profissionais com registro profissional brasileiro devem se inscrever entre os dias 27 e 29 de maio no site do programa. Caso haja vagas remanescentes, as oportunidades ser\u00e3o estendidas, em um segundo chamamento p\u00fablico, aos profissionais brasileiros formados em outros pa\u00edses e que j\u00e1 tenham habilita\u00e7\u00e3o para o exerc\u00edcio da medicina no exterior.<\/p>\n\n\n\n<p>O edital \u00e9 o segundo lan\u00e7ado pela pasta desde a sa\u00edda de Cuba do programa, anunciada em novembro de 2018. O primeiro foi aberto ainda em novembro do ano passado para preencher as 8.517 vagas deixadas pelos cubanos no programa. No total, 7.120 vagas foram preenchidas por brasileiros formados no Brasil. Na segunda fase, lan\u00e7ada em dezembro, as vagas remanescentes foram oferecidas a m\u00e9dicos formados no exterior.<\/p>\n\n\n\n<p>Dentre os m\u00e9dicos selecionados no primeiro edital, 1.052 desistiram do programa entre janeiro e mar\u00e7o de 2019. O n\u00famero representa 15% das vagas preenchidas por m\u00e9dicos brasileiros ap\u00f3s a sa\u00edda de Cuba.<\/p>\n\n\n\n<p>O minist\u00e9rio n\u00e3o anunciou, at\u00e9 o momento, quantos m\u00e9dicos selecionados no edital de novembro e dezembro desistiram do programa ap\u00f3s o m\u00eas de mar\u00e7o. Tamb\u00e9m n\u00e3o h\u00e1 dados de quantos m\u00e9dicos formados no exterior abandonaram o programa ap\u00f3s a fase de acolhimento obrigat\u00f3ria, da qual participaram 1.400 profissionais.<\/p>\n\n\n\n<p><strong>Novo edital&nbsp; &nbsp; &nbsp; &nbsp; &nbsp; &nbsp; &nbsp; &nbsp;&nbsp;<\/strong><br>Os m\u00e9dicos selecionados pelo edital desta segunda-feira (13) devem come\u00e7ar a atuar em junho nos 790 munic\u00edpios, especialmente em \u00e1reas com dificuldade de acesso, como comunidades ribeirinhas, fluviais, quilombolas e ind\u00edgenas.<\/p>\n\n\n\n<p>Segundo a pasta, no novo edital foram estabelecidos crit\u00e9rios de classifica\u00e7\u00e3o para &#8220;garantir a sele\u00e7\u00e3o de profissionais qualificados, preferencialmente com perfil de atendimento para a Aten\u00e7\u00e3o Prim\u00e1ria.&#8221; Ser\u00e3o avaliados t\u00edtulos de especialista ou resid\u00eancia m\u00e9dica em Medicina da Fam\u00edlia e Comunidade.<\/p>\n\n\n\n<p>Outra novidade \u00e9 que toda a documenta\u00e7\u00e3o dever\u00e1 ser enviada ao Minist\u00e9rio da Sa\u00fade, pela Internet j\u00e1 no ato de inscri\u00e7\u00e3o. &#8220;Essa mudan\u00e7a garante que apenas profissionais j\u00e1 habilitados participem do chamamento p\u00fablico, o que contribuir\u00e1 para otimizar tempo e recurso&#8221;, explica o minist\u00e9rio em nota.<\/p>\n\n\n\n<p><strong>Confira a lista com as cidades e as vagas na Para\u00edba:&nbsp; &nbsp; &nbsp; &nbsp; &nbsp; &nbsp; &nbsp; &nbsp; &nbsp; &nbsp;<\/strong><\/p>\n\n\n\n<p>&nbsp;PITIMBU 7 &#8211; Extrema Pobreza 2<br>AROEIRAS 7 &#8211; Extrema Pobreza 2<br>ALAGOA GRANDE 7 &#8211; Extrema Pobreza 3<\/p>\n\n\n\n<p>ALAGOA NOVA 7 &#8211; Extrema Pobreza 2<br>ALAGOINHA 7 &#8211; Extrema Pobreza 2<br>AROEIRAS 7 &#8211; Extrema Pobreza 2<br>BARRA DE S\u00c3O MIGUEL 6 &#8211; \u00c1reas vulner\u00e1veis 1<br>&nbsp;BEL\u00c9M 7 &#8211; Extrema Pobreza 2<br>&nbsp;BONITO DE SANTA FE 7 &#8211; Extrema Pobreza 1<br>&nbsp;BREJO DO CRUZ 6 &#8211; \u00c1reas vulner\u00e1veis 1<br>&nbsp;CACHOEIRA DOS \u00cdNDIOS 7 &#8211; Extrema Pobreza 1<br>&nbsp;CACIMBA DE DENTRO 7 &#8211; Extrema Pobreza 2<br>CAI\u00c7ARA 6 &#8211; \u00c1reas vulner\u00e1veis 1<br>&nbsp;CAJAZEIRINHAS 7 &#8211; Extrema Pobreza 1<br>&nbsp;CAMPINA GRANDE 6 &#8211; \u00c1reas vulner\u00e1veis 4<br>&nbsp;CRUZ DO ESPIRITO SANTO 7 &#8211; Extrema Pobreza 1<br>&nbsp;CUIT\u00c9 7 &#8211; Extrema Pobreza 1<br>&nbsp;FAGUNDES 7 &#8211; Extrema Pobreza 1<br>&nbsp;FREI MARTINHO 6 &#8211; \u00c1reas vulner\u00e1veis 1<br>&nbsp;GURINH\u00c9M 7 &#8211; Extrema Pobreza 1<br>&nbsp;INGA 7 &#8211; Extrema Pobreza 2<br>&nbsp;ITAPORANGA 6 &#8211; \u00c1reas vulner\u00e1veis 1<br>&nbsp;JERICO 6 &#8211; \u00c1reas vulner\u00e1veis 1<br>&nbsp;LIVRAMENTO 7 &#8211; Extrema Pobreza 1<br>&nbsp;LUCENA 7 &#8211; Extrema Pobreza 1<br>&nbsp;MARIZ\u00d3POLIS 7 &#8211; Extrema Pobreza 1<br>&nbsp;NOVA FLORESTA 7 &#8211; Extrema Pobreza 3<br>&nbsp;PILAR 7 &#8211; Extrema Pobreza 1<br>&nbsp;PIL\u00d5ES 7 &#8211; Extrema Pobreza 1<br>&nbsp;POCINHOS 7 &#8211; Extrema Pobreza 2<br>POMBAL 6 &#8211; \u00c1reas vulner\u00e1veis 3<br>REMIGIO 7 &#8211; Extrema Pobreza 1<br>SANTANA DOS GARROTES 7 &#8211; Extrema Pobreza 1<br>SANTA RITA 5 &#8211; G100 1<br>S\u00c3O BENTO 6 &#8211; \u00c1reas vulner\u00e1veis 1<br>SOL\u00c2NEA 7 &#8211; Extrema Pobreza 1<br>SOUSA 6 &#8211; \u00c1reas vulner\u00e1veis 4<br>TRIUNFO 7 &#8211; Extrema Pobreza 2<\/p>\n","protected":false},"excerpt":{"rendered":"<p>O Minist\u00e9rio da Sa\u00fade lan\u00e7ou nesta segunda-feira (13) um novo edital do Programa Mais M\u00e9dicos. Na Para\u00edba ser\u00e3o ofertadas&nbsp;59 vagas em 38 munic\u00edpios. O objetivo&hellip; <\/p>\n","protected":false},"author":1,"featured_media":73707,"comment_status":"closed","ping_status":"closed","sticky":false,"template":"","format":"standard","meta":{"sfsi_plus_gutenberg_text_before_share":"","sfsi_plus_gutenberg_show_text_before_share":"","sfsi_plus_gutenberg_icon_type":"","sfsi_plus_gutenberg_icon_alignemt":"","sfsi_plus_gutenburg_max_per_row":"","footnotes":""},"categories":[16],"tags":[],"class_list":["post-94920","post","type-post","status-publish","format-standard","has-post-thumbnail","hentry","category-saude"],"_links":{"self":[{"href":"https:\/\/www.caririemacao.com\/1\/wp-json\/wp\/v2\/posts\/94920","targetHints":{"allow":["GET"]}}],"collection":[{"href":"https:\/\/www.caririemacao.com\/1\/wp-json\/wp\/v2\/posts"}],"about":[{"href":"https:\/\/www.caririemacao.com\/1\/wp-json\/wp\/v2\/types\/post"}],"author":[{"embeddable":true,"href":"https:\/\/www.caririemacao.com\/1\/wp-json\/wp\/v2\/users\/1"}],"replies":[{"embeddable":true,"href":"https:\/\/www.caririemacao.com\/1\/wp-json\/wp\/v2\/comments?post=94920"}],"version-history":[{"count":1,"href":"https:\/\/www.caririemacao.com\/1\/wp-json\/wp\/v2\/posts\/94920\/revisions"}],"predecessor-version":[{"id":94921,"href":"https:\/\/www.caririemacao.com\/1\/wp-json\/wp\/v2\/posts\/94920\/revisions\/94921"}],"wp:featuredmedia":[{"embeddable":true,"href":"https:\/\/www.caririemacao.com\/1\/wp-json\/wp\/v2\/media\/73707"}],"wp:attachment":[{"href":"https:\/\/www.caririemacao.com\/1\/wp-json\/wp\/v2\/media?parent=94920"}],"wp:term":[{"taxonomy":"category","embeddable":true,"href":"https:\/\/www.caririemacao.com\/1\/wp-json\/wp\/v2\/categories?post=94920"},{"taxonomy":"post_tag","embeddable":true,"href":"https:\/\/www.caririemacao.com\/1\/wp-json\/wp\/v2\/tags?post=94920"}],"curies":[{"name":"wp","href":"https:\/\/api.w.org\/{rel}","templated":true}]}}