{"id":94927,"date":"2019-05-13T17:51:41","date_gmt":"2019-05-13T20:51:41","guid":{"rendered":"http:\/\/www.caririemacao.com\/1\/?p=94927"},"modified":"2019-05-13T17:51:41","modified_gmt":"2019-05-13T20:51:41","slug":"mp-do-saneamento-basico-pode-inviabilizar-sistemas-de-municipios-deficitarios-e-aumentar-tarifa-de-agua-na-pb","status":"publish","type":"post","link":"https:\/\/www.caririemacao.com\/1\/2019\/05\/13\/mp-do-saneamento-basico-pode-inviabilizar-sistemas-de-municipios-deficitarios-e-aumentar-tarifa-de-agua-na-pb\/","title":{"rendered":"MP do Saneamento B\u00e1sico pode inviabilizar sistemas de munic\u00edpios deficit\u00e1rios e aumentar tarifa de \u00e1gua na PB"},"content":{"rendered":"\n<p>A Medida Provis\u00f3ria que atualiza o Marco Regulat\u00f3rio do Saneamento B\u00e1sico (MP 868\/2018), se aprovada da forma que est\u00e1, ir\u00e1 impactar as companhias de saneamento b\u00e1sico dos estados, e a obrigatoriedade da Companhia de \u00c1gua e Esgotos da Para\u00edba (Cagepa) realizar licita\u00e7\u00e3o prejudicar\u00e1 os munic\u00edpios que t\u00eam sistemas deficit\u00e1rios na Para\u00edba, alertou o governador Jo\u00e3o Azev\u00eado.&nbsp;<\/p>\n\n\n\n<p>Segundo Jo\u00e3o, a MP impede o subs\u00eddio cruzado, que \u00e9 o fato de sistemas superavit\u00e1rios cobrirem custos de sistemas deficit\u00e1rios. &#8220;As companhias ter\u00e3o a obriga\u00e7\u00e3o de colocar em licita\u00e7\u00e3o e os munic\u00edpios ser\u00e3o obrigados, sem alternativa, a colocar em licita\u00e7\u00e3o os seus sistemas, deixando de ter a possibilidade dos chamados contratos programas&#8221;, explicou o governador.<\/p>\n\n\n\n<p>O governador apresentou, na semana passada, em Bras\u00edlia, o questionamento ao ministro Paulo Guedes, que ficou de discutir essa MP com a sua equipe.&nbsp;<\/p>\n\n\n\n<p>&#8220;Quando voc\u00ea tem um sistema como Jo\u00e3o Pessoa, que \u00e9 superavit\u00e1rio, os recursos que sobram da arrecada\u00e7\u00e3o de Jo\u00e3o Pessoa servem para cobrir os pequenos sistemas das pequenas cidades, que s\u00e3o deficit\u00e1rios. O custo que se tem de um pequeno sistema muitas vezes \u00e9 maior do que a receita daquele sistema, e esse subs\u00eddio cruzado \u00e9 que o sistema como um todo possa existir e a Cagepa possa atender a todos os munic\u00edpios. A partir do momento em que voc\u00ea colocar em licita\u00e7\u00e3o, as empresas privadas logicamente ter\u00e3o muito interesse nos grandes sistemas &#8211; Jo\u00e3o Pessoa, Campina Grande, Sousa, Cajazeiras, Patos, e s\u00f3. E o restante?&#8221;, questionou.&nbsp;<\/p>\n\n\n\n<p>O governador afirmou que isso far\u00e1 com que uma conta de \u00e1gua, atualmente, no valor de R$ 10,90 paga por meio da tarifa social, por exemplo, passe a R$ 40,00 ou R$ 50,00, para viabilizar o sistema.<\/p>\n\n\n\n<p>A MP j\u00e1 foi aprovada na comiss\u00e3o mista de deputados e senadores que fez a sua an\u00e1lise pr\u00e9via. Deve seguir para o Plen\u00e1rio da C\u00e2mara, e depois ir ao Plen\u00e1rio do Senado.<\/p>\n\n\n\n<p>Jo\u00e3o Azev\u00eado lembrou que a iniciativa privada tem como meta obter lucros nos seus investimentos, de forma que a medida n\u00e3o ser\u00e1 positiva para as pequenas cidades.&nbsp;<\/p>\n\n\n\n<p>&#8220;Isso \u00e9 um crime contra a popula\u00e7\u00e3o e sendo vendida com uma alega\u00e7\u00e3o que \u00e9 para ter uma universaliza\u00e7\u00e3o do sistema&#8221;, disse Jo\u00e3o.&nbsp;&nbsp;<\/p>\n\n\n\n<p>No F\u00f3rum de Governadores do Brasil, 22 governadores assinaram nota concordando com o posicionamento da Para\u00edba. &#8220;Colocamos como sugest\u00e3o para que os governadores se posicionassem contra essa Medida Provis\u00f3ria 868. Gra\u00e7as a Deus 22 governadores j\u00e1 assinaram e concordaram com a nota, \u00e9 um apoio importante para que a gente possa alterar essa Medida Provis\u00f3ria que tem uma vis\u00e3o \u00fanica de beneficiar o setor privado, mas a popula\u00e7\u00e3o vai pagar um pre\u00e7o muito alto por ela&#8221;, alertou Jo\u00e3o Azev\u00eado.<\/p>\n\n\n\n<p>As declara\u00e7\u00f5es dele aconteceram durante a sua entrevista semanal, nesta segunda-feira (13), no Programa Fala Governador, transmitido pela R\u00e1dio Tabajara.<\/p>\n","protected":false},"excerpt":{"rendered":"<p>A Medida Provis\u00f3ria que atualiza o Marco Regulat\u00f3rio do Saneamento B\u00e1sico (MP 868\/2018), se aprovada da forma que est\u00e1, ir\u00e1 impactar as companhias de saneamento&hellip; <\/p>\n","protected":false},"author":1,"featured_media":82817,"comment_status":"closed","ping_status":"closed","sticky":false,"template":"","format":"standard","meta":{"sfsi_plus_gutenberg_text_before_share":"","sfsi_plus_gutenberg_show_text_before_share":"","sfsi_plus_gutenberg_icon_type":"","sfsi_plus_gutenberg_icon_alignemt":"","sfsi_plus_gutenburg_max_per_row":"","footnotes":""},"categories":[2],"tags":[],"class_list":["post-94927","post","type-post","status-publish","format-standard","has-post-thumbnail","hentry","category-geral"],"_links":{"self":[{"href":"https:\/\/www.caririemacao.com\/1\/wp-json\/wp\/v2\/posts\/94927","targetHints":{"allow":["GET"]}}],"collection":[{"href":"https:\/\/www.caririemacao.com\/1\/wp-json\/wp\/v2\/posts"}],"about":[{"href":"https:\/\/www.caririemacao.com\/1\/wp-json\/wp\/v2\/types\/post"}],"author":[{"embeddable":true,"href":"https:\/\/www.caririemacao.com\/1\/wp-json\/wp\/v2\/users\/1"}],"replies":[{"embeddable":true,"href":"https:\/\/www.caririemacao.com\/1\/wp-json\/wp\/v2\/comments?post=94927"}],"version-history":[{"count":1,"href":"https:\/\/www.caririemacao.com\/1\/wp-json\/wp\/v2\/posts\/94927\/revisions"}],"predecessor-version":[{"id":94928,"href":"https:\/\/www.caririemacao.com\/1\/wp-json\/wp\/v2\/posts\/94927\/revisions\/94928"}],"wp:featuredmedia":[{"embeddable":true,"href":"https:\/\/www.caririemacao.com\/1\/wp-json\/wp\/v2\/media\/82817"}],"wp:attachment":[{"href":"https:\/\/www.caririemacao.com\/1\/wp-json\/wp\/v2\/media?parent=94927"}],"wp:term":[{"taxonomy":"category","embeddable":true,"href":"https:\/\/www.caririemacao.com\/1\/wp-json\/wp\/v2\/categories?post=94927"},{"taxonomy":"post_tag","embeddable":true,"href":"https:\/\/www.caririemacao.com\/1\/wp-json\/wp\/v2\/tags?post=94927"}],"curies":[{"name":"wp","href":"https:\/\/api.w.org\/{rel}","templated":true}]}}