{"id":94931,"date":"2019-05-13T17:53:00","date_gmt":"2019-05-13T20:53:00","guid":{"rendered":"http:\/\/www.caririemacao.com\/1\/?p=94931"},"modified":"2019-05-13T17:53:00","modified_gmt":"2019-05-13T20:53:00","slug":"juiza-autoriza-transferencia-de-temer-para-comando-de-choque-da-pm-em-sp","status":"publish","type":"post","link":"https:\/\/www.caririemacao.com\/1\/2019\/05\/13\/juiza-autoriza-transferencia-de-temer-para-comando-de-choque-da-pm-em-sp\/","title":{"rendered":"Ju\u00edza autoriza transfer\u00eancia de Temer para Comando de Choque da PM em SP"},"content":{"rendered":"\n<p>A Justi\u00e7a autorizou na tarde desta segunda-feira (13) a transfer\u00eancia do ex-presidente Michel Temer, preso desde quinta (9) na sede da Pol\u00edcia Federal de S\u00e3o Paulo, para o Comando de Policiamento de Choque da Pol\u00edcia Militar, no centro da capital paulista, onde h\u00e1 uma cela especial para autoridades.<\/p>\n\n\n\n<p>A decis\u00e3o foi tomada pela ju\u00edza Caroline Figueiredo, substituta de Marcelo Bretas na 7\u00aa Vara Federal Criminal do Rio, respons\u00e1vel pelas decis\u00f5es a respeito da cust\u00f3dia do ex-presidente.<\/p>\n\n\n\n<p>&#8220;Defiro o pedido do delegado regional executivo e determino a transfer\u00eancia de Michel Miguel Elias Temer Lulia para o Comando de Policiamento de Choque da Pol\u00edcia Militar do Estado de S\u00e3o Paulo, onde dever\u00e1 cumprir a pris\u00e3o preventiva em sala de Estado-maior&#8221;, afirma a ju\u00edza no despacho.<\/p>\n\n\n\n<p>Temer est\u00e1 desde quinta numa sala improvisada na Superintend\u00eancia da PF na Lapa de Baixo (zona oeste) e tinha requisitado a mudan\u00e7a desde que se apresentou.<\/p>\n\n\n\n<p>Temer foi preso pela segunda vez ao ter seu habeas corpus revogado um dia antes pelo TRF-2 (Tribunal Regional Federal da 2\u00aa Regi\u00e3o).<\/p>\n\n\n\n<p>Segundo a Procuradoria, Temer \u00e9 suspeito de chefiar uma quadrilha criminosa que, por 40 anos, recebeu vantagens indevidas por meio de contratos envolvendo estatais e \u00f3rg\u00e3os p\u00fablicos. Ele nega.<\/p>\n","protected":false},"excerpt":{"rendered":"<p>A Justi\u00e7a autorizou na tarde desta segunda-feira (13) a transfer\u00eancia do ex-presidente Michel Temer, preso desde quinta (9) na sede da Pol\u00edcia Federal de S\u00e3o&hellip; <\/p>\n","protected":false},"author":1,"featured_media":94932,"comment_status":"closed","ping_status":"closed","sticky":false,"template":"","format":"standard","meta":{"sfsi_plus_gutenberg_text_before_share":"","sfsi_plus_gutenberg_show_text_before_share":"","sfsi_plus_gutenberg_icon_type":"","sfsi_plus_gutenberg_icon_alignemt":"","sfsi_plus_gutenburg_max_per_row":"","footnotes":""},"categories":[11],"tags":[],"class_list":["post-94931","post","type-post","status-publish","format-standard","has-post-thumbnail","hentry","category-politica"],"_links":{"self":[{"href":"https:\/\/www.caririemacao.com\/1\/wp-json\/wp\/v2\/posts\/94931","targetHints":{"allow":["GET"]}}],"collection":[{"href":"https:\/\/www.caririemacao.com\/1\/wp-json\/wp\/v2\/posts"}],"about":[{"href":"https:\/\/www.caririemacao.com\/1\/wp-json\/wp\/v2\/types\/post"}],"author":[{"embeddable":true,"href":"https:\/\/www.caririemacao.com\/1\/wp-json\/wp\/v2\/users\/1"}],"replies":[{"embeddable":true,"href":"https:\/\/www.caririemacao.com\/1\/wp-json\/wp\/v2\/comments?post=94931"}],"version-history":[{"count":1,"href":"https:\/\/www.caririemacao.com\/1\/wp-json\/wp\/v2\/posts\/94931\/revisions"}],"predecessor-version":[{"id":94933,"href":"https:\/\/www.caririemacao.com\/1\/wp-json\/wp\/v2\/posts\/94931\/revisions\/94933"}],"wp:featuredmedia":[{"embeddable":true,"href":"https:\/\/www.caririemacao.com\/1\/wp-json\/wp\/v2\/media\/94932"}],"wp:attachment":[{"href":"https:\/\/www.caririemacao.com\/1\/wp-json\/wp\/v2\/media?parent=94931"}],"wp:term":[{"taxonomy":"category","embeddable":true,"href":"https:\/\/www.caririemacao.com\/1\/wp-json\/wp\/v2\/categories?post=94931"},{"taxonomy":"post_tag","embeddable":true,"href":"https:\/\/www.caririemacao.com\/1\/wp-json\/wp\/v2\/tags?post=94931"}],"curies":[{"name":"wp","href":"https:\/\/api.w.org\/{rel}","templated":true}]}}