{"id":94954,"date":"2019-05-14T08:47:41","date_gmt":"2019-05-14T11:47:41","guid":{"rendered":"http:\/\/www.caririemacao.com\/1\/?p=94954"},"modified":"2019-05-14T08:47:41","modified_gmt":"2019-05-14T11:47:41","slug":"em-sertania-jovem-e-encontrado-morto-em-canal-da-tranposicao","status":"publish","type":"post","link":"https:\/\/www.caririemacao.com\/1\/2019\/05\/14\/em-sertania-jovem-e-encontrado-morto-em-canal-da-tranposicao\/","title":{"rendered":"Em Sert\u00e2nia Jovem \u00e9 Encontrado Morto em Canal da Tranposi\u00e7\u00e3o"},"content":{"rendered":"\n<p>O jovem JO\u00c3O CARLOS DE QUEIROZ de 19 a 20 anos, foi encontrado morto&nbsp; na manh\u00e3 desta segunda-feira no canal da transposi\u00e7\u00e3o pr\u00f3ximo as comportas no s\u00edtio Xique-xique.<\/p>\n\n\n\n<figure class=\"wp-block-image\"><img decoding=\"async\" data-src=\"http:\/\/tribunadomoxoto.com\/wp-content\/uploads\/2019\/05\/IMG-20190513-WA0070-1024x576.jpg\" alt=\"\" class=\"wp-image-9800 lazyload\" src=\"data:image\/svg+xml;base64,PHN2ZyB3aWR0aD0iMSIgaGVpZ2h0PSIxIiB4bWxucz0iaHR0cDovL3d3dy53My5vcmcvMjAwMC9zdmciPjwvc3ZnPg==\" style=\"--smush-placeholder-width: 1024px; --smush-placeholder-aspect-ratio: 1024\/576;\" \/><\/figure>\n\n\n\n<figure class=\"wp-block-image\"><img decoding=\"async\" data-src=\"http:\/\/tribunadomoxoto.com\/wp-content\/uploads\/2019\/05\/IMG-20190513-WA0081-1024x576.jpg\" alt=\"\" class=\"wp-image-9801 lazyload\" src=\"data:image\/svg+xml;base64,PHN2ZyB3aWR0aD0iMSIgaGVpZ2h0PSIxIiB4bWxucz0iaHR0cDovL3d3dy53My5vcmcvMjAwMC9zdmciPjwvc3ZnPg==\" style=\"--smush-placeholder-width: 1024px; --smush-placeholder-aspect-ratio: 1024\/576;\" \/><\/figure>\n\n\n\n<p>LOCAL ONDE O JOVEM FOI ENCONTRADO(Fotos de Robson Patriota do Sert\u00e2nia VIP)<\/p>\n\n\n\n<p>Ainda n\u00e3o se sabe como o que&nbsp; ocorreu, sabe-se que o mesmo estava em sua moto e hoje foi encontrado morto por populares.<\/p>\n\n\n\n<p>H\u00e1 coment\u00e1rios de que o jovem pode ter cometido suic\u00eddio, pois sua moto foi encontrada com a chave na igni\u00e7\u00e3o e o corpo do mesmo estava do outro lado do canal.<\/p>\n\n\n\n<p>O&nbsp;<strong>Tribuna do Moxot\u00f3<\/strong>&nbsp;tem a foto do local onde o jovem e sua moto foram encontrados.<\/p>\n\n\n\n<p>O mesmo era morador do S\u00edtio Brabo Novo era filho Carlinhos. Mais informa\u00e7\u00f5es daqui a pouco.<br><\/p>\n","protected":false},"excerpt":{"rendered":"<p>O jovem JO\u00c3O CARLOS DE QUEIROZ de 19 a 20 anos, foi encontrado morto&nbsp; na manh\u00e3 desta segunda-feira no canal da transposi\u00e7\u00e3o pr\u00f3ximo as comportas&hellip; <\/p>\n","protected":false},"author":1,"featured_media":94955,"comment_status":"closed","ping_status":"closed","sticky":false,"template":"","format":"standard","meta":{"sfsi_plus_gutenberg_text_before_share":"","sfsi_plus_gutenberg_show_text_before_share":"","sfsi_plus_gutenberg_icon_type":"","sfsi_plus_gutenberg_icon_alignemt":"","sfsi_plus_gutenburg_max_per_row":"","footnotes":""},"categories":[6,50,12],"tags":[],"class_list":["post-94954","post","type-post","status-publish","format-standard","has-post-thumbnail","hentry","category-cidades","category-destaque","category-policia"],"_links":{"self":[{"href":"https:\/\/www.caririemacao.com\/1\/wp-json\/wp\/v2\/posts\/94954","targetHints":{"allow":["GET"]}}],"collection":[{"href":"https:\/\/www.caririemacao.com\/1\/wp-json\/wp\/v2\/posts"}],"about":[{"href":"https:\/\/www.caririemacao.com\/1\/wp-json\/wp\/v2\/types\/post"}],"author":[{"embeddable":true,"href":"https:\/\/www.caririemacao.com\/1\/wp-json\/wp\/v2\/users\/1"}],"replies":[{"embeddable":true,"href":"https:\/\/www.caririemacao.com\/1\/wp-json\/wp\/v2\/comments?post=94954"}],"version-history":[{"count":1,"href":"https:\/\/www.caririemacao.com\/1\/wp-json\/wp\/v2\/posts\/94954\/revisions"}],"predecessor-version":[{"id":94956,"href":"https:\/\/www.caririemacao.com\/1\/wp-json\/wp\/v2\/posts\/94954\/revisions\/94956"}],"wp:featuredmedia":[{"embeddable":true,"href":"https:\/\/www.caririemacao.com\/1\/wp-json\/wp\/v2\/media\/94955"}],"wp:attachment":[{"href":"https:\/\/www.caririemacao.com\/1\/wp-json\/wp\/v2\/media?parent=94954"}],"wp:term":[{"taxonomy":"category","embeddable":true,"href":"https:\/\/www.caririemacao.com\/1\/wp-json\/wp\/v2\/categories?post=94954"},{"taxonomy":"post_tag","embeddable":true,"href":"https:\/\/www.caririemacao.com\/1\/wp-json\/wp\/v2\/tags?post=94954"}],"curies":[{"name":"wp","href":"https:\/\/api.w.org\/{rel}","templated":true}]}}