{"id":94959,"date":"2019-05-14T09:15:05","date_gmt":"2019-05-14T12:15:05","guid":{"rendered":"http:\/\/www.caririemacao.com\/1\/?p=94959"},"modified":"2019-05-14T09:15:05","modified_gmt":"2019-05-14T12:15:05","slug":"policia-dar-detalhes-sobre-corpo-de-jovem-encontrado-nas-proximidades-do-canal-da-tranposicao-em-sertania","status":"publish","type":"post","link":"https:\/\/www.caririemacao.com\/1\/2019\/05\/14\/policia-dar-detalhes-sobre-corpo-de-jovem-encontrado-nas-proximidades-do-canal-da-tranposicao-em-sertania\/","title":{"rendered":"Pol\u00edcia dar detalhes Sobre corpo de jovem Encontrado nas Proximidades do canal da Tranposi\u00e7\u00e3o em Sert\u00e2nia"},"content":{"rendered":"\n<p>Na manh\u00e3 da \u00faltima segunda-feira, dia 13, policiais militares da GT Rural e a GT local da 2\u00aa CIA receberam a informa\u00e7\u00e3o via telefone dando conta que um funcion\u00e1rio da empresa Cons\u00f3cio Operador, havia sido encontrado no reservat\u00f3rio do moxot\u00f3 ca\u00eddo de cima da ponte e que provavelmente estaria sem vida.<\/p>\n\n\n\n<p>O Efetivo policial esteve no local do fato onde foi constatada a veracidade da informa\u00e7\u00e3o. Ali verificou-se que a v\u00edtima era&nbsp;<strong>JO\u00c3O CARLOS DE QUEIROZ RODRIGUES<\/strong>, 21 anos, solteiro, auxiliar de campo e que havia ca\u00eddo de cima da ponte do sangrador do reservat\u00f3rio do moxot\u00f3 e o corpo foi encontrado pelo seu genitor que vinha passando de carro no local do fato, por volta das 06h40m desta segunda, foi quando viu a motocicleta do seu filho parada em cima da ponte e localizou a v\u00edtima ca\u00edda em baixo, na parte de concreto, j\u00e1 sem vida.<\/p>\n\n\n\n<p>O pai da v\u00edtima n\u00e3o soube informar por qual motivo tal fato havia acontecido, bem como n\u00e3o soube dizer se estava sozinho ou n\u00e3o, na hora do fato.<\/p>\n\n\n\n<p>A pol\u00edcia cient\u00edfica esteve no local, onde foi realizada a per\u00edcia e, posteriormente, a motocicleta foi entregue a fam\u00edlia da v\u00edtima.<\/p>\n\n\n\n<p>O corpo foi identificado foi encaminhado para o IML de Caruaru. A ocorr\u00eancia foi registrada na Delegacia de Pol\u00edcia de Sert\u00e2nia para os procedimentos cab\u00edveis ao caso.<br><\/p>\n","protected":false},"excerpt":{"rendered":"<p>Na manh\u00e3 da \u00faltima segunda-feira, dia 13, policiais militares da GT Rural e a GT local da 2\u00aa CIA receberam a informa\u00e7\u00e3o via telefone dando&hellip; <\/p>\n","protected":false},"author":1,"featured_media":94960,"comment_status":"closed","ping_status":"closed","sticky":false,"template":"","format":"standard","meta":{"sfsi_plus_gutenberg_text_before_share":"","sfsi_plus_gutenberg_show_text_before_share":"","sfsi_plus_gutenberg_icon_type":"","sfsi_plus_gutenberg_icon_alignemt":"","sfsi_plus_gutenburg_max_per_row":"","footnotes":""},"categories":[50,12],"tags":[],"class_list":["post-94959","post","type-post","status-publish","format-standard","has-post-thumbnail","hentry","category-destaque","category-policia"],"_links":{"self":[{"href":"https:\/\/www.caririemacao.com\/1\/wp-json\/wp\/v2\/posts\/94959","targetHints":{"allow":["GET"]}}],"collection":[{"href":"https:\/\/www.caririemacao.com\/1\/wp-json\/wp\/v2\/posts"}],"about":[{"href":"https:\/\/www.caririemacao.com\/1\/wp-json\/wp\/v2\/types\/post"}],"author":[{"embeddable":true,"href":"https:\/\/www.caririemacao.com\/1\/wp-json\/wp\/v2\/users\/1"}],"replies":[{"embeddable":true,"href":"https:\/\/www.caririemacao.com\/1\/wp-json\/wp\/v2\/comments?post=94959"}],"version-history":[{"count":1,"href":"https:\/\/www.caririemacao.com\/1\/wp-json\/wp\/v2\/posts\/94959\/revisions"}],"predecessor-version":[{"id":94961,"href":"https:\/\/www.caririemacao.com\/1\/wp-json\/wp\/v2\/posts\/94959\/revisions\/94961"}],"wp:featuredmedia":[{"embeddable":true,"href":"https:\/\/www.caririemacao.com\/1\/wp-json\/wp\/v2\/media\/94960"}],"wp:attachment":[{"href":"https:\/\/www.caririemacao.com\/1\/wp-json\/wp\/v2\/media?parent=94959"}],"wp:term":[{"taxonomy":"category","embeddable":true,"href":"https:\/\/www.caririemacao.com\/1\/wp-json\/wp\/v2\/categories?post=94959"},{"taxonomy":"post_tag","embeddable":true,"href":"https:\/\/www.caririemacao.com\/1\/wp-json\/wp\/v2\/tags?post=94959"}],"curies":[{"name":"wp","href":"https:\/\/api.w.org\/{rel}","templated":true}]}}