{"id":94962,"date":"2019-05-14T09:21:20","date_gmt":"2019-05-14T12:21:20","guid":{"rendered":"http:\/\/www.caririemacao.com\/1\/?p=94962"},"modified":"2019-05-14T09:21:20","modified_gmt":"2019-05-14T12:21:20","slug":"homem-suspeito-de-matar-mulher-com-tiro-na-cabeca-se-entrega-a-policia-na-pb","status":"publish","type":"post","link":"https:\/\/www.caririemacao.com\/1\/2019\/05\/14\/homem-suspeito-de-matar-mulher-com-tiro-na-cabeca-se-entrega-a-policia-na-pb\/","title":{"rendered":"Homem suspeito de matar mulher com tiro na cabe\u00e7a se entrega \u00e0 pol\u00edcia, na PB"},"content":{"rendered":"\n<p>O&nbsp;<a href=\"https:\/\/g1.globo.com\/pb\/paraiba\/noticia\/2019\/04\/20\/homem-e-suspeito-de-matar-companheira-com-tiro-na-cabeca-em-sousa-pb-diz-policia.ghtml\">homem suspeito de matar a companheira com um tiro na cabe\u00e7a, em Sousa, no Sert\u00e3o da Para\u00edba<\/a>, em abril deste ano, se entregou \u00e0 Pol\u00edcia Civil nesta segunda-feira (13), de acordo com o delegado Ilamilto Simpl\u00edcio, da delegacia do munic\u00edpio. A mulher, de 30 anos, foi morta no dia 20 de abril, na zona rural.<\/p>\n\n\n\n<p>Em depoimento, segundo o delegado, o suspeito de 33 anos, que estava acompanhado por um advogado, afirmou que o tiro que matou a mulher partiu da arma que estava com ele, por\u00e9m, foi acidental. Ele n\u00e3o tinha o direito ao porte de arma.<\/p>\n\n\n\n<p>Conforme Ilamilto Simpl\u00edcio, o suspeito relatou que estava com a companheira, quando ela teria tentado tirar o rev\u00f3lver da cintura dele e, ent\u00e3o, ele teria disparado a arma.<\/p>\n\n\n\n<p>O delegado informou que a pol\u00edcia trabalha com a tese de feminic\u00eddio, mas que deve seguir investigando o caso para entender o que realmente ocorreu, tendo em vista o depoimento do companheiro da v\u00edtima.<\/p>\n\n\n\n<p>Como um mandado de pris\u00e3o tempor\u00e1ria j\u00e1 havia sido expedido contra ele pelo crime, o suspeito foi preso e encaminhado para a Col\u00f4nia Penal Agr\u00edcola de Sousa, onde deve aguardar pela audi\u00eancia de cust\u00f3dia. Ele j\u00e1 respondeu por uma den\u00fancia relacionada \u00e0 Lei Maria da Penha.<\/p>\n\n\n\n<h2 class=\"wp-block-heading\">Entenda o caso<\/h2>\n\n\n\n<p>No dia 20 de abril deste ano, a Pol\u00edcia Militar e o Samu receberam um chamado para um caso de suic\u00eddio. No entanto, ao chegarem ao local foram informados pela fam\u00edlia da v\u00edtima que se tratava de uma tentativa de homic\u00eddio. A mulher chegou a ser encaminhada para o Hospital Regional de Sousa, mas n\u00e3o resistiu e morreu.<\/p>\n\n\n\n<p><\/p>\n\n\n\n<p>G1<\/p>\n","protected":false},"excerpt":{"rendered":"<p>O&nbsp;homem suspeito de matar a companheira com um tiro na cabe\u00e7a, em Sousa, no Sert\u00e3o da Para\u00edba, em abril deste ano, se entregou \u00e0 Pol\u00edcia&hellip; <\/p>\n","protected":false},"author":1,"featured_media":94963,"comment_status":"closed","ping_status":"closed","sticky":false,"template":"","format":"standard","meta":{"sfsi_plus_gutenberg_text_before_share":"","sfsi_plus_gutenberg_show_text_before_share":"","sfsi_plus_gutenberg_icon_type":"","sfsi_plus_gutenberg_icon_alignemt":"","sfsi_plus_gutenburg_max_per_row":"","footnotes":""},"categories":[12],"tags":[],"class_list":["post-94962","post","type-post","status-publish","format-standard","has-post-thumbnail","hentry","category-policia"],"_links":{"self":[{"href":"https:\/\/www.caririemacao.com\/1\/wp-json\/wp\/v2\/posts\/94962","targetHints":{"allow":["GET"]}}],"collection":[{"href":"https:\/\/www.caririemacao.com\/1\/wp-json\/wp\/v2\/posts"}],"about":[{"href":"https:\/\/www.caririemacao.com\/1\/wp-json\/wp\/v2\/types\/post"}],"author":[{"embeddable":true,"href":"https:\/\/www.caririemacao.com\/1\/wp-json\/wp\/v2\/users\/1"}],"replies":[{"embeddable":true,"href":"https:\/\/www.caririemacao.com\/1\/wp-json\/wp\/v2\/comments?post=94962"}],"version-history":[{"count":1,"href":"https:\/\/www.caririemacao.com\/1\/wp-json\/wp\/v2\/posts\/94962\/revisions"}],"predecessor-version":[{"id":94964,"href":"https:\/\/www.caririemacao.com\/1\/wp-json\/wp\/v2\/posts\/94962\/revisions\/94964"}],"wp:featuredmedia":[{"embeddable":true,"href":"https:\/\/www.caririemacao.com\/1\/wp-json\/wp\/v2\/media\/94963"}],"wp:attachment":[{"href":"https:\/\/www.caririemacao.com\/1\/wp-json\/wp\/v2\/media?parent=94962"}],"wp:term":[{"taxonomy":"category","embeddable":true,"href":"https:\/\/www.caririemacao.com\/1\/wp-json\/wp\/v2\/categories?post=94962"},{"taxonomy":"post_tag","embeddable":true,"href":"https:\/\/www.caririemacao.com\/1\/wp-json\/wp\/v2\/tags?post=94962"}],"curies":[{"name":"wp","href":"https:\/\/api.w.org\/{rel}","templated":true}]}}