{"id":94968,"date":"2019-05-14T09:40:36","date_gmt":"2019-05-14T12:40:36","guid":{"rendered":"http:\/\/www.caririemacao.com\/1\/?p=94968"},"modified":"2019-05-14T09:40:36","modified_gmt":"2019-05-14T12:40:36","slug":"empresaria-e-rendida-por-assaltantes-quando-chegava-em-casa","status":"publish","type":"post","link":"https:\/\/www.caririemacao.com\/1\/2019\/05\/14\/empresaria-e-rendida-por-assaltantes-quando-chegava-em-casa\/","title":{"rendered":"Empres\u00e1ria \u00e9 rendida por assaltantes quando chegava em casa."},"content":{"rendered":"\n<p>Uma empres\u00e1ria de 50 anos foi rendida por quatro suspeitos armados quando chegava na casa da irm\u00e3 dela, na noite desta segunda-feira (13), no bairro dos Banc\u00e1rios, em Jo\u00e3o Pessoa. Os assaltantes tentaram levar o carro, mas n\u00e3o conseguiram porque o ve\u00edculo era autom\u00e1tico e eles n\u00e3o sabiam dirigir.<\/p>\n\n\n\n<p>No entanto, conforme a pol\u00edcia, alguns objetos foram levados. Eles pararam na frente do carro da v\u00edtima e bateram no vidro com uma arma, anunciando o assalto.<\/p>\n\n\n\n<p>Os suspeitos conseguiram fugir com a bolsa da mulher e at\u00e9 as 6h20 desta ter\u00e7a-feira (14), nenhum dos suspeitos havia sido localizado. Caso foi registrado na Central de Pol\u00edcia Civil, em Jo\u00e3o Pessoa.<\/p>\n","protected":false},"excerpt":{"rendered":"<p>Uma empres\u00e1ria de 50 anos foi rendida por quatro suspeitos armados quando chegava na casa da irm\u00e3 dela, na noite desta segunda-feira (13), no bairro&hellip; <\/p>\n","protected":false},"author":1,"featured_media":94969,"comment_status":"closed","ping_status":"closed","sticky":false,"template":"","format":"standard","meta":{"sfsi_plus_gutenberg_text_before_share":"","sfsi_plus_gutenberg_show_text_before_share":"","sfsi_plus_gutenberg_icon_type":"","sfsi_plus_gutenberg_icon_alignemt":"","sfsi_plus_gutenburg_max_per_row":"","footnotes":""},"categories":[12],"tags":[],"class_list":["post-94968","post","type-post","status-publish","format-standard","has-post-thumbnail","hentry","category-policia"],"_links":{"self":[{"href":"https:\/\/www.caririemacao.com\/1\/wp-json\/wp\/v2\/posts\/94968","targetHints":{"allow":["GET"]}}],"collection":[{"href":"https:\/\/www.caririemacao.com\/1\/wp-json\/wp\/v2\/posts"}],"about":[{"href":"https:\/\/www.caririemacao.com\/1\/wp-json\/wp\/v2\/types\/post"}],"author":[{"embeddable":true,"href":"https:\/\/www.caririemacao.com\/1\/wp-json\/wp\/v2\/users\/1"}],"replies":[{"embeddable":true,"href":"https:\/\/www.caririemacao.com\/1\/wp-json\/wp\/v2\/comments?post=94968"}],"version-history":[{"count":1,"href":"https:\/\/www.caririemacao.com\/1\/wp-json\/wp\/v2\/posts\/94968\/revisions"}],"predecessor-version":[{"id":94970,"href":"https:\/\/www.caririemacao.com\/1\/wp-json\/wp\/v2\/posts\/94968\/revisions\/94970"}],"wp:featuredmedia":[{"embeddable":true,"href":"https:\/\/www.caririemacao.com\/1\/wp-json\/wp\/v2\/media\/94969"}],"wp:attachment":[{"href":"https:\/\/www.caririemacao.com\/1\/wp-json\/wp\/v2\/media?parent=94968"}],"wp:term":[{"taxonomy":"category","embeddable":true,"href":"https:\/\/www.caririemacao.com\/1\/wp-json\/wp\/v2\/categories?post=94968"},{"taxonomy":"post_tag","embeddable":true,"href":"https:\/\/www.caririemacao.com\/1\/wp-json\/wp\/v2\/tags?post=94968"}],"curies":[{"name":"wp","href":"https:\/\/api.w.org\/{rel}","templated":true}]}}