{"id":94971,"date":"2019-05-14T09:50:31","date_gmt":"2019-05-14T12:50:31","guid":{"rendered":"http:\/\/www.caririemacao.com\/1\/?p=94971"},"modified":"2019-05-14T09:50:31","modified_gmt":"2019-05-14T12:50:31","slug":"paraiba-tem-o-2o-maior-indice-de-inovacao-do-nordeste-aponta-levantamento","status":"publish","type":"post","link":"https:\/\/www.caririemacao.com\/1\/2019\/05\/14\/paraiba-tem-o-2o-maior-indice-de-inovacao-do-nordeste-aponta-levantamento\/","title":{"rendered":"Para\u00edba tem o 2\u00ba maior \u00edndice de inova\u00e7\u00e3o do Nordeste, aponta levantamento"},"content":{"rendered":"\n<p>A Para\u00edba \u00e9 o 2\u00ba estado da regi\u00e3o Nordeste com maior \u00edndice de inova\u00e7\u00e3o, de acordo com um levantamento realizado pelo Sistema Federa\u00e7\u00e3o das Ind\u00fastrias do Cear\u00e1 (FIEC) e divulgado nesta segunda-feira (13). No Brasil, o estado ocupa a 12\u00aa posi\u00e7\u00e3o.<\/p>\n\n\n\n<p>O \u00edndice considera o capital humano, a infraestrutura de telecomunica\u00e7\u00f5es, investimento p\u00fablico em ci\u00eancia e tecnologia, inser\u00e7\u00e3o de mestres e doutores na ind\u00fastria, propriedade intelectual, produ\u00e7\u00e3o cient\u00edfica, competitividade global em setores tecnol\u00f3gicos e intensidade tecnol\u00f3gica da estrutura produtiva.<\/p>\n\n\n\n<p>A Para\u00edba se destacou em categorias como a qualidade da p\u00f3s-gradua\u00e7\u00e3o, na qual ocupa a 8\u00aa posi\u00e7\u00e3o nacional e a 1\u00aa do Nordeste, e a propriedade intelectual da ind\u00fastria, em que est\u00e1 em 6\u00ba lugar no pa\u00eds e em 1\u00ba na regi\u00e3o.<\/p>\n\n\n\n<p>Apesar disso, o estado ocupa o 26\u00ba lugar do Brasil, atr\u00e1s apenas do Acre, e a \u00faltima posi\u00e7\u00e3o do Nordeste, no que se refere \u00e0 competitividade global em setores tecnol\u00f3gicos, ou seja, a competitividade dos produtos da ind\u00fastria, tendo em vista crit\u00e9rios como a alta qualidade e o baixo custo.<\/p>\n\n\n\n<p>Em rela\u00e7\u00e3o \u00e0 intensidade tecnol\u00f3gica da estrutura produtiva &#8211; que leva em conta a produtividade do trabalhador e o investimento em pesquisa e desenvolvimento &#8211; a Para\u00edba ocupa a 21\u00aa posi\u00e7\u00e3o no ranking nacional e a 8\u00aa do Nordeste, \u00e0 frente apenas do Piau\u00ed.<\/p>\n\n\n\n<p><\/p>\n\n\n\n<p>G1<\/p>\n","protected":false},"excerpt":{"rendered":"<p>A Para\u00edba \u00e9 o 2\u00ba estado da regi\u00e3o Nordeste com maior \u00edndice de inova\u00e7\u00e3o, de acordo com um levantamento realizado pelo Sistema Federa\u00e7\u00e3o das Ind\u00fastrias&hellip; <\/p>\n","protected":false},"author":1,"featured_media":94972,"comment_status":"closed","ping_status":"closed","sticky":false,"template":"","format":"standard","meta":{"sfsi_plus_gutenberg_text_before_share":"","sfsi_plus_gutenberg_show_text_before_share":"","sfsi_plus_gutenberg_icon_type":"","sfsi_plus_gutenberg_icon_alignemt":"","sfsi_plus_gutenburg_max_per_row":"","footnotes":""},"categories":[6,50],"tags":[],"class_list":["post-94971","post","type-post","status-publish","format-standard","has-post-thumbnail","hentry","category-cidades","category-destaque"],"_links":{"self":[{"href":"https:\/\/www.caririemacao.com\/1\/wp-json\/wp\/v2\/posts\/94971","targetHints":{"allow":["GET"]}}],"collection":[{"href":"https:\/\/www.caririemacao.com\/1\/wp-json\/wp\/v2\/posts"}],"about":[{"href":"https:\/\/www.caririemacao.com\/1\/wp-json\/wp\/v2\/types\/post"}],"author":[{"embeddable":true,"href":"https:\/\/www.caririemacao.com\/1\/wp-json\/wp\/v2\/users\/1"}],"replies":[{"embeddable":true,"href":"https:\/\/www.caririemacao.com\/1\/wp-json\/wp\/v2\/comments?post=94971"}],"version-history":[{"count":1,"href":"https:\/\/www.caririemacao.com\/1\/wp-json\/wp\/v2\/posts\/94971\/revisions"}],"predecessor-version":[{"id":94973,"href":"https:\/\/www.caririemacao.com\/1\/wp-json\/wp\/v2\/posts\/94971\/revisions\/94973"}],"wp:featuredmedia":[{"embeddable":true,"href":"https:\/\/www.caririemacao.com\/1\/wp-json\/wp\/v2\/media\/94972"}],"wp:attachment":[{"href":"https:\/\/www.caririemacao.com\/1\/wp-json\/wp\/v2\/media?parent=94971"}],"wp:term":[{"taxonomy":"category","embeddable":true,"href":"https:\/\/www.caririemacao.com\/1\/wp-json\/wp\/v2\/categories?post=94971"},{"taxonomy":"post_tag","embeddable":true,"href":"https:\/\/www.caririemacao.com\/1\/wp-json\/wp\/v2\/tags?post=94971"}],"curies":[{"name":"wp","href":"https:\/\/api.w.org\/{rel}","templated":true}]}}