{"id":94974,"date":"2019-05-14T09:55:36","date_gmt":"2019-05-14T12:55:36","guid":{"rendered":"http:\/\/www.caririemacao.com\/1\/?p=94974"},"modified":"2019-05-14T09:55:36","modified_gmt":"2019-05-14T12:55:36","slug":"veiculo-capota-entre-o-distrito-de-pernambuquinho-e-sertania","status":"publish","type":"post","link":"https:\/\/www.caririemacao.com\/1\/2019\/05\/14\/veiculo-capota-entre-o-distrito-de-pernambuquinho-e-sertania\/","title":{"rendered":"Ve\u00edculo capota entre o distrito de Pernambuquinho e Sert\u00e2nia"},"content":{"rendered":"\n<p>Na manh\u00e3 desta ter\u00e7a-feira (14), o condutor de um ve\u00edculo perdeu o controle do carro e capotou na BR-110, entre o distrito de Pernambuquinho e Sert\u00e2nia.<\/p>\n\n\n\n<p>De acordo com informa\u00e7\u00f5es, o motorista seguia na rodovia quando perdeu o controle do carro, quando desviava de buracos e capotou.<\/p>\n\n\n\n<p>De acordo com informa\u00e7\u00f5es apesar do capotamento o motorista n\u00e3o teve ferimentos graves.<\/p>\n\n\n\n<p>HORA1PB com Opipoco<\/p>\n","protected":false},"excerpt":{"rendered":"<p>Na manh\u00e3 desta ter\u00e7a-feira (14), o condutor de um ve\u00edculo perdeu o controle do carro e capotou na BR-110, entre o distrito de Pernambuquinho e&hellip; <\/p>\n","protected":false},"author":1,"featured_media":94975,"comment_status":"closed","ping_status":"closed","sticky":false,"template":"","format":"standard","meta":{"sfsi_plus_gutenberg_text_before_share":"","sfsi_plus_gutenberg_show_text_before_share":"","sfsi_plus_gutenberg_icon_type":"","sfsi_plus_gutenberg_icon_alignemt":"","sfsi_plus_gutenburg_max_per_row":"","footnotes":""},"categories":[50,12],"tags":[],"class_list":["post-94974","post","type-post","status-publish","format-standard","has-post-thumbnail","hentry","category-destaque","category-policia"],"_links":{"self":[{"href":"https:\/\/www.caririemacao.com\/1\/wp-json\/wp\/v2\/posts\/94974","targetHints":{"allow":["GET"]}}],"collection":[{"href":"https:\/\/www.caririemacao.com\/1\/wp-json\/wp\/v2\/posts"}],"about":[{"href":"https:\/\/www.caririemacao.com\/1\/wp-json\/wp\/v2\/types\/post"}],"author":[{"embeddable":true,"href":"https:\/\/www.caririemacao.com\/1\/wp-json\/wp\/v2\/users\/1"}],"replies":[{"embeddable":true,"href":"https:\/\/www.caririemacao.com\/1\/wp-json\/wp\/v2\/comments?post=94974"}],"version-history":[{"count":1,"href":"https:\/\/www.caririemacao.com\/1\/wp-json\/wp\/v2\/posts\/94974\/revisions"}],"predecessor-version":[{"id":94976,"href":"https:\/\/www.caririemacao.com\/1\/wp-json\/wp\/v2\/posts\/94974\/revisions\/94976"}],"wp:featuredmedia":[{"embeddable":true,"href":"https:\/\/www.caririemacao.com\/1\/wp-json\/wp\/v2\/media\/94975"}],"wp:attachment":[{"href":"https:\/\/www.caririemacao.com\/1\/wp-json\/wp\/v2\/media?parent=94974"}],"wp:term":[{"taxonomy":"category","embeddable":true,"href":"https:\/\/www.caririemacao.com\/1\/wp-json\/wp\/v2\/categories?post=94974"},{"taxonomy":"post_tag","embeddable":true,"href":"https:\/\/www.caririemacao.com\/1\/wp-json\/wp\/v2\/tags?post=94974"}],"curies":[{"name":"wp","href":"https:\/\/api.w.org\/{rel}","templated":true}]}}