{"id":94977,"date":"2019-05-14T10:01:32","date_gmt":"2019-05-14T13:01:32","guid":{"rendered":"http:\/\/www.caririemacao.com\/1\/?p=94977"},"modified":"2019-05-14T10:01:32","modified_gmt":"2019-05-14T13:01:32","slug":"gestores-de-instituicoes-federais-entregam-carta-para-deputados-sobre-impactos-dos-cortes-de-verbas-pelo-mec","status":"publish","type":"post","link":"https:\/\/www.caririemacao.com\/1\/2019\/05\/14\/gestores-de-instituicoes-federais-entregam-carta-para-deputados-sobre-impactos-dos-cortes-de-verbas-pelo-mec\/","title":{"rendered":"Gestores de institui\u00e7\u00f5es federais entregam carta para deputados sobre impactos dos cortes de verbas pelo MEC"},"content":{"rendered":"\n<p>Os&nbsp;<a href=\"https:\/\/g1.globo.com\/pe\/pernambuco\/noticia\/2019\/05\/08\/gestores-de-universidades-federais-temem-encerramento-de-atividades-e-apontam-dificuldade-para-pagar-contas.ghtml\">reitores das universidades e dos institutos federais de Pernambuco<\/a>&nbsp;se reuniram na tarde desta ter\u00e7a-feira (13), com deputados federais, no audit\u00f3rio da&nbsp;<a href=\"https:\/\/g1.globo.com\/educacao\/universidade\/ufrpe\/\">Universidade Federal Rural de Pernambuco (UFRPE)<\/a>, no&nbsp;<a href=\"https:\/\/g1.globo.com\/pe\/pernambuco\/cidade\/recife\/\">Recife<\/a>. Para ajudar na negocia\u00e7\u00e3o com o governo federal, uma carta com dados que mostram o impacto do&nbsp;<a href=\"https:\/\/g1.globo.com\/educacao\/noticia\/2019\/04\/30\/mec-diz-que-bloqueio-de-30percent-na-verba-vale-para-todas-as-universidades-e-institutos-federais.ghtml\">corte de verbas<\/a>&nbsp;pelo&nbsp;<a href=\"https:\/\/g1.globo.com\/tudo-sobre\/ministerio-da-educacao\/\">Minist\u00e9rio da Educa\u00e7\u00e3o (MEC)<\/a>&nbsp;foi entregue aos parlamentares durante o encontro.&nbsp;<strong>(Veja v\u00eddeo acima)<\/strong><\/p>\n\n\n\n<p>De acordo com os gestores das institui\u00e7\u00f5es de ensino superior no estado,&nbsp;<a href=\"https:\/\/g1.globo.com\/pe\/pernambuco\/educacao\/noticia\/2019\/05\/08\/ufpe-anuncia-que-corre-o-risco-de-parar-de-funcionar-no-2o-semestre-apos-bloqueio-de-mais-de-r-50-milhoes-pelo-mec.ghtml\">o funcionamento dos pr\u00e9dios, projetos em comunidades e pesquisas cient\u00edficas est\u00e3o amea\u00e7ados<\/a>, caso os cortes sejam mantidos.<\/p>\n\n\n\n<p>A reitora do Instituto Federal do Sert\u00e3o, Leopoldina Veras, diz que a dimens\u00e3o desse&nbsp;<a href=\"https:\/\/g1.globo.com\/pe\/pernambuco\/educacao\/noticia\/2019\/05\/10\/reitora-do-ifpe-diz-que-atividades-podem-ser-encerradas-em-setembro-devido-a-corte-de-verbas-federais.ghtml\">impacto no corte de verbas \u00e9 de R$ 8 milh\u00f5es nos dois institutos de Pernambuco<\/a>, que abrangem sete campi. \u201cO dinheiro \u00e9 destinado para energia, \u00e1gua, manuten\u00e7\u00e3o de transporte, di\u00e1rias, passagens. Isso vai colocar em risco a qualidade da forma\u00e7\u00e3o do nosso jovem\u201d, explica.<\/p>\n\n\n\n<p>A carta foi entregue ao deputado Wolney Queiroz (<a href=\"https:\/\/g1.globo.com\/politica\/partido\/pdt\/\">PDT<\/a>), coordenador da bancada pernambucana na&nbsp;<a href=\"https:\/\/g1.globo.com\/tudo-sobre\/camara-dos-deputados\/\">C\u00e2mara dos Deputados<\/a>.<\/p>\n\n\n\n<blockquote class=\"wp-block-quote is-layout-flow wp-block-quote-is-layout-flow\"><p>\u201cVamos repassar esse documento para a bancada de Pernambuco. Mas o que estamos vendo aqui n\u00e3o \u00e9 apenas uma reuni\u00e3o, aqui \u00e9 um grito de socorro da Academia de Pernambuco pedindo apoio da bancada federal do Estado de Pernambuco para enfrentar esses cortes que atingem as universidades federais\u201d, declara o parlamentar.<\/p><\/blockquote>\n\n\n\n<p>De acordo com o deputado federal Danilo Cabral (<a href=\"https:\/\/g1.globo.com\/politica\/partido\/psb\/\">PSB<\/a>), que coordena a Frente de Valoriza\u00e7\u00e3o das Universidades e Institutos Federais de Pernambuco, o ministro da Educa\u00e7\u00e3o,&nbsp;<a href=\"https:\/\/g1.globo.com\/tudo-sobre\/abraham-weintraub\/\">Abraham Weintraub<\/a>, foi convocado para uma audi\u00eancia na C\u00e2mara dos Deputados na quarta-feira (15). \u201cEle precisa conhecer as raz\u00f5es afetivas desses cortes\u201d.<\/p>\n\n\n\n<p>No encontro, o deputado federal\u00a0<a href=\"https:\/\/g1.globo.com\/tudo-sobre\/tulio-gadelha\/\">T\u00falio Gadelha<\/a>\u00a0(PDT) prop\u00f4s destinar emendas parlamentares para garantir verbas para as universidades e institui\u00e7\u00f5es federais de Pernambuco para 2020. S\u00e3o emendas que fazem o governo ter obriga\u00e7\u00e3o de aplicar o dinheiro.<\/p>\n\n\n\n<p>\u201cS\u00e3o cerca de R$ 10 milh\u00f5es de cada instituto, das universidades do Sert\u00e3o, da universidade do Agreste, da universidade da Regi\u00e3o Metropolitana e dos institutos federais. Isso soma-se R$ 40 milh\u00f5es que ser\u00e3o investidos em emendas parlamentares dentro desse or\u00e7amento que ser\u00e1 obrigado pelo governo federal implementar esse recurso\u201d, afirma.<\/p>\n\n\n\n<p>O encontro foi organizado pela reitora da UFRPE, Maria Jos\u00e9 de Sena. \u201cN\u00f3s vamos reafirmar a nossa solicita\u00e7\u00e3o da atua\u00e7\u00e3o desses parlamentares junto aos minist\u00e9rios da Economia e da Educa\u00e7\u00e3o para reverter esse&nbsp;<a href=\"https:\/\/g1.globo.com\/pe\/pernambuco\/educacao\/noticia\/2019\/05\/07\/ufrpe-tem-mais-de-r-27-milhoes-bloqueados-pelo-ministerio-da-educacao-em-2019.ghtml\">bloqueio de 30% dos nossos or\u00e7amentos<\/a>\u201d, declara.<\/p>\n\n\n\n<p><br><\/p>\n","protected":false},"excerpt":{"rendered":"<p>Os&nbsp;reitores das universidades e dos institutos federais de Pernambuco&nbsp;se reuniram na tarde desta ter\u00e7a-feira (13), com deputados federais, no audit\u00f3rio da&nbsp;Universidade Federal Rural de Pernambuco&hellip; <\/p>\n","protected":false},"author":1,"featured_media":94978,"comment_status":"closed","ping_status":"closed","sticky":false,"template":"","format":"standard","meta":{"sfsi_plus_gutenberg_text_before_share":"","sfsi_plus_gutenberg_show_text_before_share":"","sfsi_plus_gutenberg_icon_type":"","sfsi_plus_gutenberg_icon_alignemt":"","sfsi_plus_gutenburg_max_per_row":"","footnotes":""},"categories":[14],"tags":[],"class_list":["post-94977","post","type-post","status-publish","format-standard","has-post-thumbnail","hentry","category-educacao"],"_links":{"self":[{"href":"https:\/\/www.caririemacao.com\/1\/wp-json\/wp\/v2\/posts\/94977","targetHints":{"allow":["GET"]}}],"collection":[{"href":"https:\/\/www.caririemacao.com\/1\/wp-json\/wp\/v2\/posts"}],"about":[{"href":"https:\/\/www.caririemacao.com\/1\/wp-json\/wp\/v2\/types\/post"}],"author":[{"embeddable":true,"href":"https:\/\/www.caririemacao.com\/1\/wp-json\/wp\/v2\/users\/1"}],"replies":[{"embeddable":true,"href":"https:\/\/www.caririemacao.com\/1\/wp-json\/wp\/v2\/comments?post=94977"}],"version-history":[{"count":1,"href":"https:\/\/www.caririemacao.com\/1\/wp-json\/wp\/v2\/posts\/94977\/revisions"}],"predecessor-version":[{"id":94979,"href":"https:\/\/www.caririemacao.com\/1\/wp-json\/wp\/v2\/posts\/94977\/revisions\/94979"}],"wp:featuredmedia":[{"embeddable":true,"href":"https:\/\/www.caririemacao.com\/1\/wp-json\/wp\/v2\/media\/94978"}],"wp:attachment":[{"href":"https:\/\/www.caririemacao.com\/1\/wp-json\/wp\/v2\/media?parent=94977"}],"wp:term":[{"taxonomy":"category","embeddable":true,"href":"https:\/\/www.caririemacao.com\/1\/wp-json\/wp\/v2\/categories?post=94977"},{"taxonomy":"post_tag","embeddable":true,"href":"https:\/\/www.caririemacao.com\/1\/wp-json\/wp\/v2\/tags?post=94977"}],"curies":[{"name":"wp","href":"https:\/\/api.w.org\/{rel}","templated":true}]}}