{"id":94981,"date":"2019-05-14T11:57:09","date_gmt":"2019-05-14T14:57:09","guid":{"rendered":"http:\/\/www.caririemacao.com\/1\/?p=94981"},"modified":"2019-05-14T11:57:09","modified_gmt":"2019-05-14T14:57:09","slug":"diretor-do-cec-cicero-roberto-afirma-que-nao-sera-candidato-a-vereador-em-2020","status":"publish","type":"post","link":"https:\/\/www.caririemacao.com\/1\/2019\/05\/14\/diretor-do-cec-cicero-roberto-afirma-que-nao-sera-candidato-a-vereador-em-2020\/","title":{"rendered":"Diretor do CEC C\u00edcero Roberto afirma que n\u00e3o ser\u00e1 candidato a vereador em 2020"},"content":{"rendered":"\n<p>O Ex vereador e hoje diretor do CEC EDUCACIONAL, uma das maiores institui\u00e7\u00f5es de ensino da regi\u00e3o, Cicero Roberto descartou a possibilidade disputar uma vaga na C\u00e2mara de Monteiro no ano que v\u00eam.<br><\/p>\n\n\n\n<figure class=\"wp-block-image\"><a href=\"https:\/\/4.bp.blogspot.com\/-9FV4n8n3vRQ\/XNrTegAmLgI\/AAAAAAAAFnA\/l8oPE7d0dvQEfweqDcaO9kRconfwTS4ngCLcBGAs\/s1600\/ZZ.jpg\"><img decoding=\"async\" data-src=\"https:\/\/4.bp.blogspot.com\/-9FV4n8n3vRQ\/XNrTegAmLgI\/AAAAAAAAFnA\/l8oPE7d0dvQEfweqDcaO9kRconfwTS4ngCLcBGAs\/s1600\/ZZ.jpg\" alt=\"\" src=\"data:image\/svg+xml;base64,PHN2ZyB3aWR0aD0iMSIgaGVpZ2h0PSIxIiB4bWxucz0iaHR0cDovL3d3dy53My5vcmcvMjAwMC9zdmciPjwvc3ZnPg==\" class=\"lazyload\" \/><\/a><\/figure>\n\n\n\n<p>C\u00edcero usou as redes sociais para confirmar que n\u00e3o ser\u00e1 candidato a vereador e afirmou que a sua institui\u00e7\u00e3o de ensino e o crescimento da mesma s\u00e3o as prioridades, apesar de agradecer o incentivo e a lembran\u00e7a.<br>\u201cGente para acabar com especula\u00e7\u00f5es, eu n\u00e3o serei candidato a nada o ano que vem. A minha candidatura \u00e9 O CEC, e a FACEC, que est\u00e3o em andamento\u201d, afirmou Cicero Roberto.<br>Em julho de 2020, ser\u00e1 nosso primeiro vestibular se Deus quiser, com os cursos superiores em: Psicologia, Enfermagem e Pedagogia, est\u00e1 \u00e9 minha pol\u00edtica: uma pol\u00edtica p\u00fablica que beneficie a todos, monteirenses, caririzeiros, Ppernambucanos e etc. Obrigado a todos que incentivam e torcem\u201d, disse o diretor do CEC<br>\u201cAtuarei como forma de ajudar nosso munic\u00edpio a crescer e se desenvolver, mas, de outra forma. Obrigado\u201d, complementou<br><\/p>\n\n\n\n<p><strong>F\u00c1BIO BRITO<\/strong><br><\/p>\n","protected":false},"excerpt":{"rendered":"<p>O Ex vereador e hoje diretor do CEC EDUCACIONAL, uma das maiores institui\u00e7\u00f5es de ensino da regi\u00e3o, Cicero Roberto descartou a possibilidade disputar uma vaga&hellip; <\/p>\n","protected":false},"author":1,"featured_media":94982,"comment_status":"closed","ping_status":"closed","sticky":false,"template":"","format":"standard","meta":{"sfsi_plus_gutenberg_text_before_share":"","sfsi_plus_gutenberg_show_text_before_share":"","sfsi_plus_gutenberg_icon_type":"","sfsi_plus_gutenberg_icon_alignemt":"","sfsi_plus_gutenburg_max_per_row":"","footnotes":""},"categories":[2],"tags":[],"class_list":["post-94981","post","type-post","status-publish","format-standard","has-post-thumbnail","hentry","category-geral"],"_links":{"self":[{"href":"https:\/\/www.caririemacao.com\/1\/wp-json\/wp\/v2\/posts\/94981","targetHints":{"allow":["GET"]}}],"collection":[{"href":"https:\/\/www.caririemacao.com\/1\/wp-json\/wp\/v2\/posts"}],"about":[{"href":"https:\/\/www.caririemacao.com\/1\/wp-json\/wp\/v2\/types\/post"}],"author":[{"embeddable":true,"href":"https:\/\/www.caririemacao.com\/1\/wp-json\/wp\/v2\/users\/1"}],"replies":[{"embeddable":true,"href":"https:\/\/www.caririemacao.com\/1\/wp-json\/wp\/v2\/comments?post=94981"}],"version-history":[{"count":1,"href":"https:\/\/www.caririemacao.com\/1\/wp-json\/wp\/v2\/posts\/94981\/revisions"}],"predecessor-version":[{"id":94983,"href":"https:\/\/www.caririemacao.com\/1\/wp-json\/wp\/v2\/posts\/94981\/revisions\/94983"}],"wp:featuredmedia":[{"embeddable":true,"href":"https:\/\/www.caririemacao.com\/1\/wp-json\/wp\/v2\/media\/94982"}],"wp:attachment":[{"href":"https:\/\/www.caririemacao.com\/1\/wp-json\/wp\/v2\/media?parent=94981"}],"wp:term":[{"taxonomy":"category","embeddable":true,"href":"https:\/\/www.caririemacao.com\/1\/wp-json\/wp\/v2\/categories?post=94981"},{"taxonomy":"post_tag","embeddable":true,"href":"https:\/\/www.caririemacao.com\/1\/wp-json\/wp\/v2\/tags?post=94981"}],"curies":[{"name":"wp","href":"https:\/\/api.w.org\/{rel}","templated":true}]}}