{"id":94990,"date":"2019-05-14T12:11:42","date_gmt":"2019-05-14T15:11:42","guid":{"rendered":"http:\/\/www.caririemacao.com\/1\/?p=94990"},"modified":"2019-05-14T12:11:42","modified_gmt":"2019-05-14T15:11:42","slug":"campanha-alerta-contra-abuso-e-exploracao-sexual-de-criancas-e-adolescentes-em-sume","status":"publish","type":"post","link":"https:\/\/www.caririemacao.com\/1\/2019\/05\/14\/campanha-alerta-contra-abuso-e-exploracao-sexual-de-criancas-e-adolescentes-em-sume\/","title":{"rendered":"Campanha alerta contra abuso e explora\u00e7\u00e3o sexual de crian\u00e7as e adolescentes em Sum\u00e9"},"content":{"rendered":"\n<p>A Secretaria de Assist\u00eancia Social de Sum\u00e9, atrav\u00e9s do Centro de Refer\u00eancia Especializado de Assist\u00eancia Social (Creas) realiza novamente a Campanha de Combate ao Abuso e \u00e0 Explora\u00e7\u00e3o Sexual de Crian\u00e7as e Adolescentes.<br>Nesta segunda-feira (13\/05) uma panfletagem foi realizada no Mercado P\u00fablico. Os membros do Creas estiveram divulgando junto aos comerciantes a import\u00e2ncia da conscientiza\u00e7\u00e3o e den\u00fancia, que pode ser feito atrav\u00e9s do Disk 100 ou 123, de forma an\u00f4nima.<br>As a\u00e7\u00f5es no munic\u00edpio de Sum\u00e9 s\u00e3o realizadas de forma cont\u00ednua, no com\u00e9rcio, pra\u00e7as, bares e escolas, com o objetivo de convocar a popula\u00e7\u00e3o a fazer a sua parte, cuidando das crian\u00e7as e adolescentes.<br>Em 2019 o Creas est\u00e1 alertando a respeito dos cuidados das crian\u00e7as e adolescentes nas redes sociais, com o tema: \u201cO Status que eu N\u00e3o Quero\u201d,<br>As a\u00e7\u00f5es fazem alus\u00e3o ao 18 de maio, O Dia Nacional de Combate ao Abuso e \u00e0 Explora\u00e7\u00e3o Sexual de Crian\u00e7as e Adolescentes.<br>A escolha desta data \u00e9 em mem\u00f3ria do \u201cCaso Araceli\u201d, um crime que chocou o pa\u00eds na d\u00e9cada de 70. Araceli Crespo era uma menina de apenas 8 anos de idade, que foi violentamente assassinada em 18 de maio de 1973. Este crime, apesar de hediondo, seguiu impune.<br>De acordo com dados do Minist\u00e9rio da Sa\u00fade, Entre 2011 e 2017, o Brasil teve um aumento de 83% nas notifica\u00e7\u00f5es gerais de viol\u00eancias sexuais contra crian\u00e7as e adolescentes. O Minist\u00e9rio da Sa\u00fade considera viol\u00eancia sexual os casos de ass\u00e9dio, estupro, pornografia infantil e explora\u00e7\u00e3o sexual.<br>Dentre os n\u00fameros, chama aten\u00e7\u00e3o a vulnerabilidade dos mais jovens. Entre as crian\u00e7as, o maior n\u00famero de casos de viol\u00eancia sexual acontece com crian\u00e7as entre 1 e 5 anos (51,2%). J\u00e1 entre os adolescentes, com os jovens entre 10 e 14 anos (67,8%).<\/p>\n","protected":false},"excerpt":{"rendered":"<p>A Secretaria de Assist\u00eancia Social de Sum\u00e9, atrav\u00e9s do Centro de Refer\u00eancia Especializado de Assist\u00eancia Social (Creas) realiza novamente a Campanha de Combate ao Abuso&hellip; <\/p>\n","protected":false},"author":1,"featured_media":94991,"comment_status":"closed","ping_status":"closed","sticky":false,"template":"","format":"standard","meta":{"sfsi_plus_gutenberg_text_before_share":"","sfsi_plus_gutenberg_show_text_before_share":"","sfsi_plus_gutenberg_icon_type":"","sfsi_plus_gutenberg_icon_alignemt":"","sfsi_plus_gutenburg_max_per_row":"","footnotes":""},"categories":[2],"tags":[],"class_list":["post-94990","post","type-post","status-publish","format-standard","has-post-thumbnail","hentry","category-geral"],"_links":{"self":[{"href":"https:\/\/www.caririemacao.com\/1\/wp-json\/wp\/v2\/posts\/94990","targetHints":{"allow":["GET"]}}],"collection":[{"href":"https:\/\/www.caririemacao.com\/1\/wp-json\/wp\/v2\/posts"}],"about":[{"href":"https:\/\/www.caririemacao.com\/1\/wp-json\/wp\/v2\/types\/post"}],"author":[{"embeddable":true,"href":"https:\/\/www.caririemacao.com\/1\/wp-json\/wp\/v2\/users\/1"}],"replies":[{"embeddable":true,"href":"https:\/\/www.caririemacao.com\/1\/wp-json\/wp\/v2\/comments?post=94990"}],"version-history":[{"count":1,"href":"https:\/\/www.caririemacao.com\/1\/wp-json\/wp\/v2\/posts\/94990\/revisions"}],"predecessor-version":[{"id":94992,"href":"https:\/\/www.caririemacao.com\/1\/wp-json\/wp\/v2\/posts\/94990\/revisions\/94992"}],"wp:featuredmedia":[{"embeddable":true,"href":"https:\/\/www.caririemacao.com\/1\/wp-json\/wp\/v2\/media\/94991"}],"wp:attachment":[{"href":"https:\/\/www.caririemacao.com\/1\/wp-json\/wp\/v2\/media?parent=94990"}],"wp:term":[{"taxonomy":"category","embeddable":true,"href":"https:\/\/www.caririemacao.com\/1\/wp-json\/wp\/v2\/categories?post=94990"},{"taxonomy":"post_tag","embeddable":true,"href":"https:\/\/www.caririemacao.com\/1\/wp-json\/wp\/v2\/tags?post=94990"}],"curies":[{"name":"wp","href":"https:\/\/api.w.org\/{rel}","templated":true}]}}