{"id":94995,"date":"2019-05-14T12:14:13","date_gmt":"2019-05-14T15:14:13","guid":{"rendered":"http:\/\/www.caririemacao.com\/1\/?p=94995"},"modified":"2019-05-14T12:14:13","modified_gmt":"2019-05-14T15:14:13","slug":"secretaria-de-agricultura-de-monteiro-continua-realizando-melhorias-na-zona-rural","status":"publish","type":"post","link":"https:\/\/www.caririemacao.com\/1\/2019\/05\/14\/secretaria-de-agricultura-de-monteiro-continua-realizando-melhorias-na-zona-rural\/","title":{"rendered":"Secretaria de Agricultura de Monteiro continua realizando melhorias na zona rural"},"content":{"rendered":"\n<p>Mesmo no fim de semana, a Secretaria de Agricultura do munic\u00edpio de Monteiro segue em ritmo acelerado realizando melhorias na zona rural, conforme aconteceu no \u00faltimo s\u00e1bado.<\/p>\n\n\n\n<p>Funcion\u00e1rios da secretaria estiveram realizando servi\u00e7os de manuten\u00e7\u00e3o de estradas nas comunidades de Malhada da Pedra e Garapa. Na sexta-feira a comunidade atendida foi Ipueira Funda. Os pleitos foram feitos ao vereador H\u00e9lio Sandro e deferido pela prefeita Anna Lorena.<\/p>\n\n\n\n<p>Nesta semana a secretaria desempenha os servi\u00e7os de tapa buraco nas comunidades de Pocinhos, Picos, Limit\u00e3o, Samambaia e Serra Branca.<\/p>\n\n\n\n<div class=\"wp-block-image\"><figure class=\"alignleft\"><img decoding=\"async\" data-src=\"https:\/\/i0.wp.com\/www.vitrinedocariri.com.br\/wp-content\/uploads\/2019\/05\/Trabalho-ZOna-Rural-1.jpeg?zoom=2&amp;resize=330%2C186&amp;ssl=1\" alt=\"\" class=\"wp-image-43440 lazyload\" src=\"data:image\/svg+xml;base64,PHN2ZyB3aWR0aD0iMSIgaGVpZ2h0PSIxIiB4bWxucz0iaHR0cDovL3d3dy53My5vcmcvMjAwMC9zdmciPjwvc3ZnPg==\" \/><\/figure><\/div>\n\n\n\n<p>Agradecido, o vereador H\u00e9lio Sandro fez quest\u00e3o de deixar sua mensagem de agradecimento nas redes sociais para a prefeita Anna Lorena dizendo: \u201cMais uma vez a m\u00e1quina trabalhando em prol do povo de Monteiro, agrade\u00e7o tamb\u00e9m ao operador que prestou um servi\u00e7o de qualidade e trabalhando de forma feliz, mesmo no fim de semana.&nbsp;Agrade\u00e7o a prefeita e ao secret\u00e1rio por atender ao meu pedido e deixo os meus parab\u00e9ns!\u201d.<\/p>\n\n\n\n<p>O secret\u00e1rio da pasta Alfredo Viana faz quest\u00e3o de lembrar que qualquer demanda pode ser feita diretamente na secretaria ou atrav\u00e9s do telefone 3351 1532. A Ouvidoria Municipal tamb\u00e9m funciona diariamente das 08 \u00e0s 12 horas, ouvindo e encaminhando os pedidos, ligue gratuitamente para 0800 095 1553.<\/p>\n","protected":false},"excerpt":{"rendered":"<p>Mesmo no fim de semana, a Secretaria de Agricultura do munic\u00edpio de Monteiro segue em ritmo acelerado realizando melhorias na zona rural, conforme aconteceu no&hellip; <\/p>\n","protected":false},"author":1,"featured_media":94996,"comment_status":"closed","ping_status":"closed","sticky":false,"template":"","format":"standard","meta":{"sfsi_plus_gutenberg_text_before_share":"","sfsi_plus_gutenberg_show_text_before_share":"","sfsi_plus_gutenberg_icon_type":"","sfsi_plus_gutenberg_icon_alignemt":"","sfsi_plus_gutenburg_max_per_row":"","footnotes":""},"categories":[6],"tags":[],"class_list":["post-94995","post","type-post","status-publish","format-standard","has-post-thumbnail","hentry","category-cidades"],"_links":{"self":[{"href":"https:\/\/www.caririemacao.com\/1\/wp-json\/wp\/v2\/posts\/94995","targetHints":{"allow":["GET"]}}],"collection":[{"href":"https:\/\/www.caririemacao.com\/1\/wp-json\/wp\/v2\/posts"}],"about":[{"href":"https:\/\/www.caririemacao.com\/1\/wp-json\/wp\/v2\/types\/post"}],"author":[{"embeddable":true,"href":"https:\/\/www.caririemacao.com\/1\/wp-json\/wp\/v2\/users\/1"}],"replies":[{"embeddable":true,"href":"https:\/\/www.caririemacao.com\/1\/wp-json\/wp\/v2\/comments?post=94995"}],"version-history":[{"count":1,"href":"https:\/\/www.caririemacao.com\/1\/wp-json\/wp\/v2\/posts\/94995\/revisions"}],"predecessor-version":[{"id":94997,"href":"https:\/\/www.caririemacao.com\/1\/wp-json\/wp\/v2\/posts\/94995\/revisions\/94997"}],"wp:featuredmedia":[{"embeddable":true,"href":"https:\/\/www.caririemacao.com\/1\/wp-json\/wp\/v2\/media\/94996"}],"wp:attachment":[{"href":"https:\/\/www.caririemacao.com\/1\/wp-json\/wp\/v2\/media?parent=94995"}],"wp:term":[{"taxonomy":"category","embeddable":true,"href":"https:\/\/www.caririemacao.com\/1\/wp-json\/wp\/v2\/categories?post=94995"},{"taxonomy":"post_tag","embeddable":true,"href":"https:\/\/www.caririemacao.com\/1\/wp-json\/wp\/v2\/tags?post=94995"}],"curies":[{"name":"wp","href":"https:\/\/api.w.org\/{rel}","templated":true}]}}