{"id":94999,"date":"2019-05-14T12:19:16","date_gmt":"2019-05-14T15:19:16","guid":{"rendered":"http:\/\/www.caririemacao.com\/1\/?p=94999"},"modified":"2019-05-14T12:19:16","modified_gmt":"2019-05-14T15:19:16","slug":"sao-jose-dos-cordeiros-promove-maior-edicao-do-festival-cabra-na-praca-e-alcanca-marca-de-quase-400-animais-expostos","status":"publish","type":"post","link":"https:\/\/www.caririemacao.com\/1\/2019\/05\/14\/sao-jose-dos-cordeiros-promove-maior-edicao-do-festival-cabra-na-praca-e-alcanca-marca-de-quase-400-animais-expostos\/","title":{"rendered":"S\u00e3o Jos\u00e9 dos Cordeiros promove maior edi\u00e7\u00e3o do Festival Cabra na Pra\u00e7a e alcan\u00e7a marca de quase 400 animais expostos"},"content":{"rendered":"\n<p>O 6\u00ba Festival Cabra na Pra\u00e7a em S\u00e3o Jos\u00e9 dos Cordeiros foi um sucesso. O evento idealizado e realizado pela Associa\u00e7\u00e3o dos Criadores de Caprinos e Ovinos do munic\u00edpio, com patroc\u00ednio da Prefeitura Municipal e apoio da EMPAER, SEBRAE, AGUBEL dentre outros bateu recordes de p\u00fablico, premia\u00e7\u00e3o, competidores e n\u00famero de animais em exposi\u00e7\u00e3o.<\/p>\n\n\n\n<p>Pela primeira vez, o festival contou com 80 baias totalmente lotadas com 383 Caprinos e Ovinos, de elevada qualidade gen\u00e9tica de estados do Nordeste como Rio Grande do Norte, Pernambuco, Alagoas e Para\u00edba. Quem visitou o evento ficou encantado com a beleza e o porte dos animais.<\/p>\n\n\n\n<p>Foram mais de 30 cabras concorrendo ao torneio Leiteiro, mais de 200 animais sendo julgados em pista, resultando em uma premia\u00e7\u00e3o de mais de 12 mil reais. O sucesso foi tamanho que o com\u00e9rcio da cidade em alguns itens ficaram desabastecidos, com presen\u00e7a de produtores de v\u00e1rias cidades da regi\u00e3o e at\u00e9 de localidades distantes.<\/p>\n\n\n\n<p>O Festival Cabra na Pra\u00e7a alcan\u00e7ou um n\u00edvel que o consolidou entre os principais eventos do munic\u00edpio e com m\u00e9rito especial para os produtores, que se engajaram e promoveram seu crescimento.<\/p>\n\n\n\n<div class=\"wp-block-image\"><figure class=\"alignright\"><img decoding=\"async\" data-src=\"http:\/\/deolhonocariri.com.br\/wp-content\/uploads\/2019\/05\/festa_cabra_2019_3-600x399.jpg\" alt=\"\" class=\"wp-image-66844 lazyload\" src=\"data:image\/svg+xml;base64,PHN2ZyB3aWR0aD0iMSIgaGVpZ2h0PSIxIiB4bWxucz0iaHR0cDovL3d3dy53My5vcmcvMjAwMC9zdmciPjwvc3ZnPg==\" style=\"--smush-placeholder-width: 600px; --smush-placeholder-aspect-ratio: 600\/399;\" \/><\/figure><\/div>\n\n\n\n<p>Para o prefeito Jefferson Roberto, \u00e9 muito bom para a gest\u00e3o apoiar uma iniciativa que parte da popula\u00e7\u00e3o, daqueles que produzem e fazem a economia do munic\u00edpio girar. \u201cA Prefeitura deu e continuar\u00e1 garantindo total apoio ao festival cabra na pra\u00e7a e acredito que o evento s\u00f3 tem a crescer, transformando-se no futuro num encontro de refer\u00eancia regional e estadual. Apostar nos produtores rurais \u00e9 ao meu ver a melhor sa\u00edda para alavancar nosso crescimento\u201d, pontuou o gestor.<\/p>\n\n\n\n<p>Entre as inova\u00e7\u00f5es desta edi\u00e7\u00e3o est\u00e1 a cria\u00e7\u00e3o da pista de julgamento de animais sem registro, por\u00e9m com padr\u00e3o gen\u00e9tico, dos produtores do munic\u00edpio. O objetivo era o de estimular o melhoramento do rebanho, visto que os melhores foram, tamb\u00e9m, premiados.<\/p>\n\n\n\n<p>Outra inova\u00e7\u00e3o foi a transforma\u00e7\u00e3o da festa que outrora era privada, em evento totalmente p\u00fablico, com apresenta\u00e7\u00f5es art\u00edsticas inclusive gratuitas na pra\u00e7a, fazendo jus ao nome do festival \u201cCabra na Pra\u00e7a\u201d. Animaram o evento dois artistas da terra (Nascimento Filho e Tiago dos Teclados), junto tamb\u00e9m com o jovem garoto de Livramento, Caio do Acordeon.<\/p>\n\n\n\n<p>Para o presidente da Associa\u00e7\u00e3o, J\u00fanior Faustino, o festival ganhou um forte impulso nesta edi\u00e7\u00e3o e isso se deve a parceiros importantes como a Prefeitura de S\u00e3o Jos\u00e9 dos Cordeiros, nas pessoas do prefeito Jefferson Roberto e do secret\u00e1rio de agricultura Dayvison Romeryto, e da EMPAER na pessoa de Ismar Vilar.<\/p>\n\n\n\n<p>A maior edi\u00e7\u00e3o de todos os tempos do Festival Cabra na Pra\u00e7a foi encerrada com o tradicional Banho de Leite, onde os maiores premiados foram banhados com muito leite, fruto da produ\u00e7\u00e3o dos criadores do munic\u00edpio.<\/p>\n","protected":false},"excerpt":{"rendered":"<p>O 6\u00ba Festival Cabra na Pra\u00e7a em S\u00e3o Jos\u00e9 dos Cordeiros foi um sucesso. O evento idealizado e realizado pela Associa\u00e7\u00e3o dos Criadores de Caprinos&hellip; <\/p>\n","protected":false},"author":1,"featured_media":95000,"comment_status":"closed","ping_status":"closed","sticky":false,"template":"","format":"standard","meta":{"sfsi_plus_gutenberg_text_before_share":"","sfsi_plus_gutenberg_show_text_before_share":"","sfsi_plus_gutenberg_icon_type":"","sfsi_plus_gutenberg_icon_alignemt":"","sfsi_plus_gutenburg_max_per_row":"","footnotes":""},"categories":[50,2],"tags":[],"class_list":["post-94999","post","type-post","status-publish","format-standard","has-post-thumbnail","hentry","category-destaque","category-geral"],"_links":{"self":[{"href":"https:\/\/www.caririemacao.com\/1\/wp-json\/wp\/v2\/posts\/94999","targetHints":{"allow":["GET"]}}],"collection":[{"href":"https:\/\/www.caririemacao.com\/1\/wp-json\/wp\/v2\/posts"}],"about":[{"href":"https:\/\/www.caririemacao.com\/1\/wp-json\/wp\/v2\/types\/post"}],"author":[{"embeddable":true,"href":"https:\/\/www.caririemacao.com\/1\/wp-json\/wp\/v2\/users\/1"}],"replies":[{"embeddable":true,"href":"https:\/\/www.caririemacao.com\/1\/wp-json\/wp\/v2\/comments?post=94999"}],"version-history":[{"count":1,"href":"https:\/\/www.caririemacao.com\/1\/wp-json\/wp\/v2\/posts\/94999\/revisions"}],"predecessor-version":[{"id":95001,"href":"https:\/\/www.caririemacao.com\/1\/wp-json\/wp\/v2\/posts\/94999\/revisions\/95001"}],"wp:featuredmedia":[{"embeddable":true,"href":"https:\/\/www.caririemacao.com\/1\/wp-json\/wp\/v2\/media\/95000"}],"wp:attachment":[{"href":"https:\/\/www.caririemacao.com\/1\/wp-json\/wp\/v2\/media?parent=94999"}],"wp:term":[{"taxonomy":"category","embeddable":true,"href":"https:\/\/www.caririemacao.com\/1\/wp-json\/wp\/v2\/categories?post=94999"},{"taxonomy":"post_tag","embeddable":true,"href":"https:\/\/www.caririemacao.com\/1\/wp-json\/wp\/v2\/tags?post=94999"}],"curies":[{"name":"wp","href":"https:\/\/api.w.org\/{rel}","templated":true}]}}