{"id":95003,"date":"2019-05-14T12:22:17","date_gmt":"2019-05-14T15:22:17","guid":{"rendered":"http:\/\/www.caririemacao.com\/1\/?p=95003"},"modified":"2019-05-14T12:22:17","modified_gmt":"2019-05-14T15:22:17","slug":"famup-reune-prefeitos-e-vereadores-em-defesa-de-eleicoes-unificadas-no-brasil","status":"publish","type":"post","link":"https:\/\/www.caririemacao.com\/1\/2019\/05\/14\/famup-reune-prefeitos-e-vereadores-em-defesa-de-eleicoes-unificadas-no-brasil\/","title":{"rendered":"Famup re\u00fane prefeitos e vereadores em defesa de elei\u00e7\u00f5es unificadas no Brasil"},"content":{"rendered":"\n<p>A Federa\u00e7\u00e3o das Associa\u00e7\u00f5es de Munic\u00edpios da Para\u00edba (Famup) re\u00fane prefeitos, vice-prefeitos e vereadores no dia 24 deste m\u00eas, na Federa\u00e7\u00e3o das Ind\u00fastrias do Estado da Para\u00edba (Fiep), \u00e0s 8h30, para debater a PEC 56\/2019 apresentada na C\u00e2mara dos Deputados e que prorroga por dois anos os atuais mandatos. Com a altera\u00e7\u00e3o, os mandatos terminar\u00e3o em 1\u00ba de janeiro de 2023, junto com os mandatos dos governadores, vice-governadores, deputados federais e deputados estaduais, eleitos em 2018.<\/p>\n\n\n\n<p>Na \u00faltima elei\u00e7\u00e3o, o Tribunal Superior Eleitoral (TSE) gastou cerca de R$ 750 milh\u00f5es. Somente na Para\u00edba, o gasto com o pleito foi de R$ 11,7 milh\u00f5es. \u201cA unifica\u00e7\u00e3o garantiria uma economia aos cofres p\u00fablicos, sem falar no barateamento das campanhas eleitorais. Tamb\u00e9m favoreceria a governabilidade, otimizando a execu\u00e7\u00e3o de pol\u00edticas p\u00fablicas, em especial nas \u00e1reas em que o Brasil tem maior car\u00eancia, como sa\u00fade, saneamento, seguran\u00e7a p\u00fablica e educa\u00e7\u00e3o\u201d, observou George Coelho.<\/p>\n\n\n\n<p>De acordo com o presidente da Famup, a unifica\u00e7\u00e3o dos mandatos pol\u00edtico-partid\u00e1rios vai ao encontro do interesse p\u00fablico e apresenta, gerando economia de recursos p\u00fablicos, na medida em que ser\u00e3o eliminados os gastos relativos aos processos eleitorais municipais realizados de forma isolada.<\/p>\n\n\n\n<p>A proposta do deputado Rog\u00e9rio Peninha Mendon\u00e7a (MDB\/SC) destaca ainda que, para a unifica\u00e7\u00e3o dos mandatos de prefeitos, vice-prefeitos e vereadores com os mandatos de governadores, vice-governadores, deputados federais e deputados estaduais, \u00e9 desnecess\u00e1ria a altera\u00e7\u00e3o do texto permanente da Constitui\u00e7\u00e3o, bastando o acr\u00e9scimo do dispositivo proposto no Ato das Disposi\u00e7\u00f5es Constitucionais Transit\u00f3rias (ADCT).<\/p>\n\n\n\n<p>Durante o encontro, os prefeitos, vices e vereadores participar\u00e3o de palestras sobre a unifica\u00e7\u00e3o das elei\u00e7\u00f5es, destacando a economia e mostrando exemplos onde existem elei\u00e7\u00f5es unificadas. Tamb\u00e9m ser\u00e1 realizada uma Mesa Redonda sobre a PEC 56\/2019.<\/p>\n\n\n\n<p><em>Com Ascom&nbsp;<\/em><\/p>\n","protected":false},"excerpt":{"rendered":"<p>A Federa\u00e7\u00e3o das Associa\u00e7\u00f5es de Munic\u00edpios da Para\u00edba (Famup) re\u00fane prefeitos, vice-prefeitos e vereadores no dia 24 deste m\u00eas, na Federa\u00e7\u00e3o das Ind\u00fastrias do Estado&hellip; <\/p>\n","protected":false},"author":1,"featured_media":95004,"comment_status":"closed","ping_status":"closed","sticky":false,"template":"","format":"standard","meta":{"sfsi_plus_gutenberg_text_before_share":"","sfsi_plus_gutenberg_show_text_before_share":"","sfsi_plus_gutenberg_icon_type":"","sfsi_plus_gutenberg_icon_alignemt":"","sfsi_plus_gutenburg_max_per_row":"","footnotes":""},"categories":[50,11],"tags":[],"class_list":["post-95003","post","type-post","status-publish","format-standard","has-post-thumbnail","hentry","category-destaque","category-politica"],"_links":{"self":[{"href":"https:\/\/www.caririemacao.com\/1\/wp-json\/wp\/v2\/posts\/95003","targetHints":{"allow":["GET"]}}],"collection":[{"href":"https:\/\/www.caririemacao.com\/1\/wp-json\/wp\/v2\/posts"}],"about":[{"href":"https:\/\/www.caririemacao.com\/1\/wp-json\/wp\/v2\/types\/post"}],"author":[{"embeddable":true,"href":"https:\/\/www.caririemacao.com\/1\/wp-json\/wp\/v2\/users\/1"}],"replies":[{"embeddable":true,"href":"https:\/\/www.caririemacao.com\/1\/wp-json\/wp\/v2\/comments?post=95003"}],"version-history":[{"count":1,"href":"https:\/\/www.caririemacao.com\/1\/wp-json\/wp\/v2\/posts\/95003\/revisions"}],"predecessor-version":[{"id":95005,"href":"https:\/\/www.caririemacao.com\/1\/wp-json\/wp\/v2\/posts\/95003\/revisions\/95005"}],"wp:featuredmedia":[{"embeddable":true,"href":"https:\/\/www.caririemacao.com\/1\/wp-json\/wp\/v2\/media\/95004"}],"wp:attachment":[{"href":"https:\/\/www.caririemacao.com\/1\/wp-json\/wp\/v2\/media?parent=95003"}],"wp:term":[{"taxonomy":"category","embeddable":true,"href":"https:\/\/www.caririemacao.com\/1\/wp-json\/wp\/v2\/categories?post=95003"},{"taxonomy":"post_tag","embeddable":true,"href":"https:\/\/www.caririemacao.com\/1\/wp-json\/wp\/v2\/tags?post=95003"}],"curies":[{"name":"wp","href":"https:\/\/api.w.org\/{rel}","templated":true}]}}