{"id":95008,"date":"2019-05-14T12:23:36","date_gmt":"2019-05-14T15:23:36","guid":{"rendered":"http:\/\/www.caririemacao.com\/1\/?p=95008"},"modified":"2019-05-14T12:23:36","modified_gmt":"2019-05-14T15:23:36","slug":"governo-bolsonaro-informa-a-justica-que-fara-acordo-para-por-radares-em-rodovias","status":"publish","type":"post","link":"https:\/\/www.caririemacao.com\/1\/2019\/05\/14\/governo-bolsonaro-informa-a-justica-que-fara-acordo-para-por-radares-em-rodovias\/","title":{"rendered":"Governo Bolsonaro informa \u00e0 Justi\u00e7a que far\u00e1 acordo para p\u00f4r radares em rodovias"},"content":{"rendered":"\n<p>Em documento enviado \u00e0 Justi\u00e7a na sexta-feira (10), o Dnit (Departamento Nacional de Infraestrutura de Transportes), ligado ao Minist\u00e9rio da Infraestrutura, informou que far\u00e1 acordo para instalar radares em rodovias federais, na contram\u00e3o do discurso do presidente Jair Bolsonaro (PSL), que disse que retiraria os equipamentos.<\/p>\n\n\n\n<p>O acordo foi proposto pelo Minist\u00e9rio P\u00fablico Federal no \u00e2mbito de uma a\u00e7\u00e3o popular que tramita na 5\u00aa Vara Federal em Bras\u00edlia. A a\u00e7\u00e3o foi ajuizada pelo senador Fabiano Contarato (Rede-ES) depois que Bolsonaro disse em mar\u00e7o, em transmiss\u00e3o pelo Facebook, que decidiu extinguir as lombadas eletr\u00f4nicas das estradas.<\/p>\n\n\n\n<p>\u201cDecis\u00e3o nossa: n\u00e3o teremos mais nenhuma nova lombada eletr\u00f4nica no Brasil. As lombadas que porventura existem, e s\u00e3o muitas, quando forem perdendo a validade, n\u00e3o ser\u00e3o renovadas\u201d, disse Bolsonaro na ocasi\u00e3o.<\/p>\n\n\n\n<p>O Dnit informou \u00e0 ju\u00edza Diana Wanderlei que se reuniu com a procuradora da Rep\u00fablica Anna Carolina Garcia no \u00faltimo dia 8 e definiu um cronograma para elaborar os termos do acordo. O \u00f3rg\u00e3o pediu \u00e0 ju\u00edza para estender o prazo at\u00e9 o dia 31, \u201cdata em que ser\u00e1 apresentado a este ju\u00edzo o termo definitivo de acordo\u201d.<\/p>\n\n\n\n<p>Como a Folha noticiou na semana passada, apesar das declara\u00e7\u00f5es de Bolsonaro contr\u00e1rias ao uso de radares, t\u00e9cnicos do Dnit levaram \u00e0 Justi\u00e7a um estudo preliminar, de abril, que indica a necessidade de aumentar o n\u00famero de trechos monitorados em rodovias federais.<\/p>\n\n\n\n<p>Segundo o estudo preliminar, obtido pela reportagem, 8.031 faixas precisam de monitoramento (radar comum ou lombada eletr\u00f4nica) em todo o pa\u00eds, o que demanda cerca de 4.000 equipamentos \u2013cada radar cobre, na maioria dos casos, duas faixas.<\/p>\n\n\n\n<p>Hoje, h\u00e1 em opera\u00e7\u00e3o somente 265 aparelhos que monitoram 560 faixas no Brasil inteiro, considerando apenas as rodovias federais que n\u00e3o est\u00e3o concedidas \u00e0 iniciativa privada. O Dnit j\u00e1 liberou a instala\u00e7\u00e3o de mais 516 radares, que v\u00e3o cobrir outras 1.038 faixas.<\/p>\n\n\n\n<p>Para atingir o total necess\u00e1rio ser\u00e1 preciso cobrir mais cerca de 6.400 faixas. O acordo judicial ser\u00e1 sobre esse \u201cres\u00edduo\u201d. A proposta feita pelo Minist\u00e9rio P\u00fablico Federal prev\u00ea a instala\u00e7\u00e3o de 30% dos aparelhos considerados necess\u00e1rios em at\u00e9 60 dias ap\u00f3s a assinatura do acordo.<\/p>\n\n\n\n<p>A ideia \u00e9 que, nos pr\u00f3ximos meses ou no pr\u00f3ximo ano, sejam instalados os demais equipamentos, progressivamente.<\/p>\n\n\n\n<p>O Dnit informou \u00e0 Justi\u00e7a Federal que, antes de fechar o acordo, precisa resolver a situa\u00e7\u00e3o de quatro contratos que foram suspensos pelo TCU (Tribunal de Contas da Uni\u00e3o). Hoje, o pa\u00eds tem 24 contratos vigentes para a instala\u00e7\u00e3o de radares e lombadas eletr\u00f4nicas nas rodovias federais.<\/p>\n\n\n\n<p>Deve constar do acordo a previs\u00e3o para que a Uni\u00e3o instale placas de sinaliza\u00e7\u00e3o nos locais monitorados. Os trechos sob monitoramento ser\u00e3o definidos pelos t\u00e9cnicos do governo.<\/p>\n\n\n\n<p><em>Com Folha Uol<\/em><\/p>\n","protected":false},"excerpt":{"rendered":"<p>Em documento enviado \u00e0 Justi\u00e7a na sexta-feira (10), o Dnit (Departamento Nacional de Infraestrutura de Transportes), ligado ao Minist\u00e9rio da Infraestrutura, informou que far\u00e1 acordo&hellip; <\/p>\n","protected":false},"author":1,"featured_media":95009,"comment_status":"closed","ping_status":"closed","sticky":false,"template":"","format":"standard","meta":{"sfsi_plus_gutenberg_text_before_share":"","sfsi_plus_gutenberg_show_text_before_share":"","sfsi_plus_gutenberg_icon_type":"","sfsi_plus_gutenberg_icon_alignemt":"","sfsi_plus_gutenburg_max_per_row":"","footnotes":""},"categories":[11],"tags":[],"class_list":["post-95008","post","type-post","status-publish","format-standard","has-post-thumbnail","hentry","category-politica"],"_links":{"self":[{"href":"https:\/\/www.caririemacao.com\/1\/wp-json\/wp\/v2\/posts\/95008","targetHints":{"allow":["GET"]}}],"collection":[{"href":"https:\/\/www.caririemacao.com\/1\/wp-json\/wp\/v2\/posts"}],"about":[{"href":"https:\/\/www.caririemacao.com\/1\/wp-json\/wp\/v2\/types\/post"}],"author":[{"embeddable":true,"href":"https:\/\/www.caririemacao.com\/1\/wp-json\/wp\/v2\/users\/1"}],"replies":[{"embeddable":true,"href":"https:\/\/www.caririemacao.com\/1\/wp-json\/wp\/v2\/comments?post=95008"}],"version-history":[{"count":1,"href":"https:\/\/www.caririemacao.com\/1\/wp-json\/wp\/v2\/posts\/95008\/revisions"}],"predecessor-version":[{"id":95010,"href":"https:\/\/www.caririemacao.com\/1\/wp-json\/wp\/v2\/posts\/95008\/revisions\/95010"}],"wp:featuredmedia":[{"embeddable":true,"href":"https:\/\/www.caririemacao.com\/1\/wp-json\/wp\/v2\/media\/95009"}],"wp:attachment":[{"href":"https:\/\/www.caririemacao.com\/1\/wp-json\/wp\/v2\/media?parent=95008"}],"wp:term":[{"taxonomy":"category","embeddable":true,"href":"https:\/\/www.caririemacao.com\/1\/wp-json\/wp\/v2\/categories?post=95008"},{"taxonomy":"post_tag","embeddable":true,"href":"https:\/\/www.caririemacao.com\/1\/wp-json\/wp\/v2\/tags?post=95008"}],"curies":[{"name":"wp","href":"https:\/\/api.w.org\/{rel}","templated":true}]}}