{"id":95013,"date":"2019-05-14T12:27:33","date_gmt":"2019-05-14T15:27:33","guid":{"rendered":"http:\/\/www.caririemacao.com\/1\/?p=95013"},"modified":"2019-05-14T12:27:33","modified_gmt":"2019-05-14T15:27:33","slug":"duas-cidades-do-cariri-devem-perder-assistencia-medica-pelo-programa-mais-medicos-aponta-levantamento","status":"publish","type":"post","link":"https:\/\/www.caririemacao.com\/1\/2019\/05\/14\/duas-cidades-do-cariri-devem-perder-assistencia-medica-pelo-programa-mais-medicos-aponta-levantamento\/","title":{"rendered":"Duas cidades do Cariri devem perder assist\u00eancia m\u00e9dica pelo programa Mais M\u00e9dicos, aponta levantamento"},"content":{"rendered":"\n<p>A Para\u00edba deve perder 80 m\u00e9dicos que atuam no estado pelo programa Mais M\u00e9dicos, do governo federal. O levantamento, feito por Felipe Proen\u00e7o, tutor do Mais M\u00e9dicos da UFPB, apontou que nove munic\u00edpios devem perder m\u00e9dicos porque os contratos n\u00e3o v\u00e3o ser renovados. Jo\u00e3o Pessoa, que \u00e9 uma dessas cidades, deve perder 48 m\u00e9dicos.<\/p>\n\n\n\n<p>O Minist\u00e9rio da Sa\u00fade n\u00e3o confirmou n\u00fameros de redu\u00e7\u00e3o, mas destacou \u201cque vem mantendo a renova\u00e7\u00e3o os profissionais no programa apenas em cidades mais vulner\u00e1veis, em geral pequenas, al\u00e9m dos distritos sanit\u00e1rios ind\u00edgenas\u201d.<\/p>\n\n\n\n<p>Felipe Proen\u00e7o explicou que, de acordo com o estudo pr\u00e9vio feito por ele, a redu\u00e7\u00e3o dos 80 m\u00e9dicos pelo programa deve afetar uma popula\u00e7\u00e3o estimada de 273.907 habitantes. O c\u00e1lculo \u00e9 feito com base na m\u00e9dia de 3.450 pessoas atendidas por equipe de sa\u00fade da fam\u00edlia.<\/p>\n\n\n\n<p>\u201cDesde o \u00faltimo edital eles deixaram de renovar a contrata\u00e7\u00e3o de m\u00e9dicos em capitais e regi\u00f5es metropolitanas. Isso tem um grande impacto na periferia de cidades grandes. Essas cidades podem at\u00e9 apresentar uma densidade maior de m\u00e9dicos, mas n\u00e3o conseguem profissionais para aten\u00e7\u00e3o b\u00e1sica na periferia\u201d, comentou o tutor.<\/p>\n\n\n\n<p>Ainda de acordo com o tutor do Mais M\u00e9dicos, a sa\u00edda dos m\u00e9dicos vai ser gradativa at\u00e9 o final de 2020. Cada um dos m\u00e9dicos que atualmente est\u00e3o vinculados ao programa, mas que n\u00e3o v\u00e3o ter seus contratos renovados, est\u00e3o sendo notificados por email. Atualmente a Para\u00edba conta com 316 m\u00e9dicos pelo programa Mais M\u00e9dicos.<\/p>\n\n\n\n<p>Uma audi\u00eancia p\u00fablica foi realizada no dia 6 de maio deste ano na Assembleia Legislativa da Para\u00edba debater os impactos da sa\u00edda dos profissionais do programa Mais M\u00e9dicos. O debate foi proposto pela deputada Camila Toscano (PSDB).<\/p>\n\n\n\n<p>\u201cSe \u00e9 para ter um corte, \u00e9 para ser justificado. N\u00f3s temos que saber o porqu\u00ea, como vai fazer e atender. E o mais grave \u00e9 que a maioria dos m\u00e9dicos que est\u00e1 no programa atende a periferia, as pessoas mais pobres e carentes, onde h\u00e1 uma dificuldade imensa para que os m\u00e9dicos cheguem at\u00e9 esses locais\u201d, comentou a deputada.<\/p>\n\n\n\n<p><strong>Cidades da Para\u00edba que devem perder m\u00e9dicos no Mais M\u00e9dicos<\/strong><\/p>\n\n\n\n<table class=\"wp-block-table\"><tbody><tr><td>Cidades<\/td><td>Vagas autorizadas<\/td><td>M\u00e9dicos que n\u00e3o ter\u00e3o contratos renovados<\/td><td>Popula\u00e7\u00e3o afetada (estimativa)<\/td><\/tr><tr><td>Jo\u00e3o Pessoa<\/td><td>56<\/td><td>48<\/td><td>165.600<\/td><\/tr><tr><td>Cabedelo<\/td><td>12<\/td><td>12<\/td><td>41.400<\/td><\/tr><tr><td>Bayeux<\/td><td>8<\/td><td>7<\/td><td>24.150<\/td><\/tr><tr><td>Guarabira<\/td><td>5<\/td><td>4<\/td><td>13.800<\/td><\/tr><tr><td><strong>Boqueir\u00e3o<\/strong><\/td><td>2<\/td><td>2<\/td><td>6.900<\/td><\/tr><tr><td>Caapor\u00e3<\/td><td>2<\/td><td>2<\/td><td>6.900<\/td><\/tr><tr><td>Puxinan\u00e3<\/td><td>2<\/td><td>2<\/td><td>6.900<\/td><\/tr><tr><td><strong>Caturit\u00e9<\/strong><\/td><td>2<\/td><td>2<\/td><td>4.807<\/td><\/tr><tr><td>Mamanguape<\/td><td>2<\/td><td>1<\/td><td>3.450<\/td><\/tr><tr><td>Total<\/td><td>91<\/td><td>80<\/td><td>273.907<\/td><\/tr><\/tbody><\/table>\n","protected":false},"excerpt":{"rendered":"<p>A Para\u00edba deve perder 80 m\u00e9dicos que atuam no estado pelo programa Mais M\u00e9dicos, do governo federal. O levantamento, feito por Felipe Proen\u00e7o, tutor do&hellip; <\/p>\n","protected":false},"author":1,"featured_media":73850,"comment_status":"closed","ping_status":"closed","sticky":false,"template":"","format":"standard","meta":{"sfsi_plus_gutenberg_text_before_share":"","sfsi_plus_gutenberg_show_text_before_share":"","sfsi_plus_gutenberg_icon_type":"","sfsi_plus_gutenberg_icon_alignemt":"","sfsi_plus_gutenburg_max_per_row":"","footnotes":""},"categories":[16],"tags":[],"class_list":["post-95013","post","type-post","status-publish","format-standard","has-post-thumbnail","hentry","category-saude"],"_links":{"self":[{"href":"https:\/\/www.caririemacao.com\/1\/wp-json\/wp\/v2\/posts\/95013","targetHints":{"allow":["GET"]}}],"collection":[{"href":"https:\/\/www.caririemacao.com\/1\/wp-json\/wp\/v2\/posts"}],"about":[{"href":"https:\/\/www.caririemacao.com\/1\/wp-json\/wp\/v2\/types\/post"}],"author":[{"embeddable":true,"href":"https:\/\/www.caririemacao.com\/1\/wp-json\/wp\/v2\/users\/1"}],"replies":[{"embeddable":true,"href":"https:\/\/www.caririemacao.com\/1\/wp-json\/wp\/v2\/comments?post=95013"}],"version-history":[{"count":1,"href":"https:\/\/www.caririemacao.com\/1\/wp-json\/wp\/v2\/posts\/95013\/revisions"}],"predecessor-version":[{"id":95014,"href":"https:\/\/www.caririemacao.com\/1\/wp-json\/wp\/v2\/posts\/95013\/revisions\/95014"}],"wp:featuredmedia":[{"embeddable":true,"href":"https:\/\/www.caririemacao.com\/1\/wp-json\/wp\/v2\/media\/73850"}],"wp:attachment":[{"href":"https:\/\/www.caririemacao.com\/1\/wp-json\/wp\/v2\/media?parent=95013"}],"wp:term":[{"taxonomy":"category","embeddable":true,"href":"https:\/\/www.caririemacao.com\/1\/wp-json\/wp\/v2\/categories?post=95013"},{"taxonomy":"post_tag","embeddable":true,"href":"https:\/\/www.caririemacao.com\/1\/wp-json\/wp\/v2\/tags?post=95013"}],"curies":[{"name":"wp","href":"https:\/\/api.w.org\/{rel}","templated":true}]}}