{"id":95023,"date":"2019-05-14T12:33:12","date_gmt":"2019-05-14T15:33:12","guid":{"rendered":"http:\/\/www.caririemacao.com\/1\/?p=95023"},"modified":"2019-05-14T12:33:12","modified_gmt":"2019-05-14T15:33:12","slug":"governador-anuncia-concurso-publico-para-fundac-com-400-vagas","status":"publish","type":"post","link":"https:\/\/www.caririemacao.com\/1\/2019\/05\/14\/governador-anuncia-concurso-publico-para-fundac-com-400-vagas\/","title":{"rendered":"Governador anuncia concurso p\u00fablico para Fundac com 400 vagas"},"content":{"rendered":"\n<p>O\u00a0Governo do Estado da Para\u00edba vai realizar concurso p\u00fablico com 400 vagas para agentes socioeducativos da Funda\u00e7\u00e3o de Desenvolvimento da Crian\u00e7a e do Adolescente Alice Almeida (Fundac). O governador Jo\u00e3o Azev\u00eado fez o an\u00fancio na noite dessa segunda-feira (13). O edital ser\u00e1 lan\u00e7ado em breve.<\/p>\n\n\n\n<p>\u201cJ\u00e1 estamos preparando o edital e ser\u00e3o 400 profissionais concursados porque n\u00f3s precisamos de pessoas preparadas e do quadro do Estado para atuar na \u00e1rea\u201d, disse.<\/p>\n\n\n\n<p>Jo\u00e3o tamb\u00e9m assegurou que os 500 aprovados no concurso p\u00fablico, realizado em 2018 na \u00e1rea da Seguran\u00e7a P\u00fablica, ser\u00e3o convocados no segundo semestre deste ano. \u201c500 aprovados j\u00e1 foram chamados e est\u00e3o realizando o treinamento e, agora, no segundo semestre, vamos convocar os demais 500 profissionais que passaram neste concurso\u201d, garantiu.<\/p>\n\n\n\n<p>Jo\u00e3o Azev\u00eado lembrou que o Governo j\u00e1 deu in\u00edcio ao concurso para a Educa\u00e7\u00e3o com a oferta de mil vagas para 2019 e que ser\u00e3o quatro mil professores que, ao longo dos pr\u00f3ximos quatro anos, ter\u00e3o oportunidade de ingressar no Estado.<\/p>\n\n\n\n<p>Al\u00e9m disso, est\u00e3o previstos lan\u00e7amentos de editais para a Procuradoria Geral do Estado e para a Ag\u00eancia Executiva de Gest\u00e3o das \u00c1guas do Estado da Para\u00edba (Aesa-PB).&nbsp; \u201cFazer concurso e chamar \u00e9 uma pr\u00e1tica desse projeto que eu represento\u201d, afirmou o governador, em entrevista a uma emissora de TV.<\/p>\n\n\n\n<p><em>Com Click PB<\/em><\/p>\n","protected":false},"excerpt":{"rendered":"<p>O\u00a0Governo do Estado da Para\u00edba vai realizar concurso p\u00fablico com 400 vagas para agentes socioeducativos da Funda\u00e7\u00e3o de Desenvolvimento da Crian\u00e7a e do Adolescente Alice&hellip; <\/p>\n","protected":false},"author":1,"featured_media":95024,"comment_status":"closed","ping_status":"closed","sticky":false,"template":"","format":"standard","meta":{"sfsi_plus_gutenberg_text_before_share":"","sfsi_plus_gutenberg_show_text_before_share":"","sfsi_plus_gutenberg_icon_type":"","sfsi_plus_gutenberg_icon_alignemt":"","sfsi_plus_gutenburg_max_per_row":"","footnotes":""},"categories":[11],"tags":[],"class_list":["post-95023","post","type-post","status-publish","format-standard","has-post-thumbnail","hentry","category-politica"],"_links":{"self":[{"href":"https:\/\/www.caririemacao.com\/1\/wp-json\/wp\/v2\/posts\/95023","targetHints":{"allow":["GET"]}}],"collection":[{"href":"https:\/\/www.caririemacao.com\/1\/wp-json\/wp\/v2\/posts"}],"about":[{"href":"https:\/\/www.caririemacao.com\/1\/wp-json\/wp\/v2\/types\/post"}],"author":[{"embeddable":true,"href":"https:\/\/www.caririemacao.com\/1\/wp-json\/wp\/v2\/users\/1"}],"replies":[{"embeddable":true,"href":"https:\/\/www.caririemacao.com\/1\/wp-json\/wp\/v2\/comments?post=95023"}],"version-history":[{"count":1,"href":"https:\/\/www.caririemacao.com\/1\/wp-json\/wp\/v2\/posts\/95023\/revisions"}],"predecessor-version":[{"id":95025,"href":"https:\/\/www.caririemacao.com\/1\/wp-json\/wp\/v2\/posts\/95023\/revisions\/95025"}],"wp:featuredmedia":[{"embeddable":true,"href":"https:\/\/www.caririemacao.com\/1\/wp-json\/wp\/v2\/media\/95024"}],"wp:attachment":[{"href":"https:\/\/www.caririemacao.com\/1\/wp-json\/wp\/v2\/media?parent=95023"}],"wp:term":[{"taxonomy":"category","embeddable":true,"href":"https:\/\/www.caririemacao.com\/1\/wp-json\/wp\/v2\/categories?post=95023"},{"taxonomy":"post_tag","embeddable":true,"href":"https:\/\/www.caririemacao.com\/1\/wp-json\/wp\/v2\/tags?post=95023"}],"curies":[{"name":"wp","href":"https:\/\/api.w.org\/{rel}","templated":true}]}}