{"id":95028,"date":"2019-05-14T12:36:48","date_gmt":"2019-05-14T15:36:48","guid":{"rendered":"http:\/\/www.caririemacao.com\/1\/?p=95028"},"modified":"2019-05-14T12:36:48","modified_gmt":"2019-05-14T15:36:48","slug":"presidente-da-assembleia-proibe-armas-nas-dependencias-da-casa-e-anuncia-medidas-de-seguranca","status":"publish","type":"post","link":"https:\/\/www.caririemacao.com\/1\/2019\/05\/14\/presidente-da-assembleia-proibe-armas-nas-dependencias-da-casa-e-anuncia-medidas-de-seguranca\/","title":{"rendered":"Presidente da Assembleia pro\u00edbe armas nas depend\u00eancias da Casa e anuncia medidas de seguran\u00e7a"},"content":{"rendered":"\n<p>O deputado Adriano Galdino, presidente da Assembleia Legislativa da Para\u00edba, anunciou nesta ter\u00e7a-feira (14) que ir\u00e1 implantar medidas de seguran\u00e7a na Casa de Epit\u00e1cio Pessoa. A principal medida \u00e9 a instala\u00e7\u00e3o de detectores de metais na entrada principal.<\/p>\n\n\n\n<p>Al\u00e9m disso, Galdino antecipou que &#8220;vamos restringir a entrada s\u00f3 por um local, que vai ser a principal. N\u00f3s vamos fechar a garagem, a n\u00e3o ser para deputados. S\u00f3 exclusivamente deputados v\u00e3o entrar pela garagem e o p\u00fablico vai ficar entrando pela entrada principal&#8221;. Os detalhes foram decididos em uma reuni\u00e3o que aconteceu na manh\u00e3 desta ter\u00e7a-feira (14) entre os l\u00edderes da Assembleia.<\/p>\n\n\n\n<p>Na entrada principal da Assembleia &#8220;vamos ter, al\u00e9m de seguran\u00e7a, detectores de metal para que possamos evitar qualquer constrangimento no futuro&#8221;, enfatizou o deputado Adriano Galdino.<\/p>\n\n\n\n<p>Al\u00e9m disso, o presidente da Assembleia afirmou que na reuni\u00e3o &#8220;proibimos o uso de armas dentro do plen\u00e1rio. At\u00e9 o regimento pro\u00edbe que deputados possam estar na casa armados&#8221;.&nbsp;<\/p>\n\n\n\n<p>&#8220;O que ficou combinado com eles \u00e9 que dentro da Casa e no plen\u00e1rio, os deputados n\u00e3o podem andar armados&#8221;, finalizou Adriano Galdino.&nbsp;<\/p>\n","protected":false},"excerpt":{"rendered":"<p>O deputado Adriano Galdino, presidente da Assembleia Legislativa da Para\u00edba, anunciou nesta ter\u00e7a-feira (14) que ir\u00e1 implantar medidas de seguran\u00e7a na Casa de Epit\u00e1cio Pessoa.&hellip; <\/p>\n","protected":false},"author":1,"featured_media":95029,"comment_status":"closed","ping_status":"closed","sticky":false,"template":"","format":"standard","meta":{"sfsi_plus_gutenberg_text_before_share":"","sfsi_plus_gutenberg_show_text_before_share":"","sfsi_plus_gutenberg_icon_type":"","sfsi_plus_gutenberg_icon_alignemt":"","sfsi_plus_gutenburg_max_per_row":"","footnotes":""},"categories":[11],"tags":[],"class_list":["post-95028","post","type-post","status-publish","format-standard","has-post-thumbnail","hentry","category-politica"],"_links":{"self":[{"href":"https:\/\/www.caririemacao.com\/1\/wp-json\/wp\/v2\/posts\/95028","targetHints":{"allow":["GET"]}}],"collection":[{"href":"https:\/\/www.caririemacao.com\/1\/wp-json\/wp\/v2\/posts"}],"about":[{"href":"https:\/\/www.caririemacao.com\/1\/wp-json\/wp\/v2\/types\/post"}],"author":[{"embeddable":true,"href":"https:\/\/www.caririemacao.com\/1\/wp-json\/wp\/v2\/users\/1"}],"replies":[{"embeddable":true,"href":"https:\/\/www.caririemacao.com\/1\/wp-json\/wp\/v2\/comments?post=95028"}],"version-history":[{"count":1,"href":"https:\/\/www.caririemacao.com\/1\/wp-json\/wp\/v2\/posts\/95028\/revisions"}],"predecessor-version":[{"id":95030,"href":"https:\/\/www.caririemacao.com\/1\/wp-json\/wp\/v2\/posts\/95028\/revisions\/95030"}],"wp:featuredmedia":[{"embeddable":true,"href":"https:\/\/www.caririemacao.com\/1\/wp-json\/wp\/v2\/media\/95029"}],"wp:attachment":[{"href":"https:\/\/www.caririemacao.com\/1\/wp-json\/wp\/v2\/media?parent=95028"}],"wp:term":[{"taxonomy":"category","embeddable":true,"href":"https:\/\/www.caririemacao.com\/1\/wp-json\/wp\/v2\/categories?post=95028"},{"taxonomy":"post_tag","embeddable":true,"href":"https:\/\/www.caririemacao.com\/1\/wp-json\/wp\/v2\/tags?post=95028"}],"curies":[{"name":"wp","href":"https:\/\/api.w.org\/{rel}","templated":true}]}}