{"id":95033,"date":"2019-05-14T12:43:44","date_gmt":"2019-05-14T15:43:44","guid":{"rendered":"http:\/\/www.caririemacao.com\/1\/?p=95033"},"modified":"2019-05-14T12:43:44","modified_gmt":"2019-05-14T15:43:44","slug":"governo-federal-cancela-segundo-evento-da-onu-sobre-o-clima-no-brasil","status":"publish","type":"post","link":"https:\/\/www.caririemacao.com\/1\/2019\/05\/14\/governo-federal-cancela-segundo-evento-da-onu-sobre-o-clima-no-brasil\/","title":{"rendered":"Governo Federal cancela segundo evento da ONU sobre o clima no Brasil"},"content":{"rendered":"\n<p>Pela segunda vez em seis meses, o Brasil se recusa a sediar um evento oficial da Organiza\u00e7\u00e3o das Na\u00e7\u00f5es Unidas (ONU) para debater as mudan\u00e7as clim\u00e1ticas. Desta vez, o governo federal cancelou o encontro regional da ONU Climate Week (&#8220;Semana do Clima&#8221;), que aconteceria entre 19 e 23 de agosto em Salvador, na Bahia.<\/p>\n\n\n\n<p>Os organizadores ainda n\u00e3o foram informados oficialmente, mas j\u00e1 tentam uma alternativa na regi\u00e3o para sediar o evento. A Semana do Clima integra uma s\u00e9rie de eventos que estimulam a implementa\u00e7\u00e3o do Acordo de Paris para que os governos sejam mais atuantes contra os efeitos das mudan\u00e7as clim\u00e1ticas.<\/p>\n\n\n\n<p>A negativa do presidente Jair Bolsonaro acontece no mesmo dia em que o secret\u00e1rio-geral da ONU alertou que as mudan\u00e7as clim\u00e1ticas ser\u00e3o uma trag\u00e9dia para o mundo.<\/p>\n\n\n\n<p>&#8220;Acho p\u00e9ssimo para o Pa\u00eds. A vis\u00e3o desse governo de meio ambiente \u00e9 estreita&#8221;, protestou o secret\u00e1rio de Sustentabilidade, Inova\u00e7\u00e3o e Resili\u00eancia da capital baiana, Andr\u00e9 Fraga, \u00e0 Coluna do Estad\u00e3o.<\/p>\n\n\n\n<p>Em dezembro passado, logo ap\u00f3s as elei\u00e7\u00f5es, o ent\u00e3o presidente eleito desistiu de sediar a 25\u00aa Confer\u00eancia do Clima da Organiza\u00e7\u00e3o das Na\u00e7\u00f5es Unidas (COP-25) em 2019, como estava previsto, e chegou a dizer que o Brasil estaria fora da COP-25. Mas depois de intensa repercuss\u00e3o negativa, voltou atr\u00e1s e confirmou a presen\u00e7a brasileira.<\/p>\n\n\n\n<p>Na \u00faltima semana, num evento hist\u00f3rico, todos os ex-ministros do Meio Ambiente dos \u00faltimos 27 anos se reuniram para combater as pol\u00edticas de Bolsonaro e do atual ministro da pasta, Ricardo Salles.<\/p>\n","protected":false},"excerpt":{"rendered":"<p>Pela segunda vez em seis meses, o Brasil se recusa a sediar um evento oficial da Organiza\u00e7\u00e3o das Na\u00e7\u00f5es Unidas (ONU) para debater as mudan\u00e7as&hellip; <\/p>\n","protected":false},"author":1,"featured_media":95034,"comment_status":"closed","ping_status":"closed","sticky":false,"template":"","format":"standard","meta":{"sfsi_plus_gutenberg_text_before_share":"","sfsi_plus_gutenberg_show_text_before_share":"","sfsi_plus_gutenberg_icon_type":"","sfsi_plus_gutenberg_icon_alignemt":"","sfsi_plus_gutenburg_max_per_row":"","footnotes":""},"categories":[11],"tags":[],"class_list":["post-95033","post","type-post","status-publish","format-standard","has-post-thumbnail","hentry","category-politica"],"_links":{"self":[{"href":"https:\/\/www.caririemacao.com\/1\/wp-json\/wp\/v2\/posts\/95033","targetHints":{"allow":["GET"]}}],"collection":[{"href":"https:\/\/www.caririemacao.com\/1\/wp-json\/wp\/v2\/posts"}],"about":[{"href":"https:\/\/www.caririemacao.com\/1\/wp-json\/wp\/v2\/types\/post"}],"author":[{"embeddable":true,"href":"https:\/\/www.caririemacao.com\/1\/wp-json\/wp\/v2\/users\/1"}],"replies":[{"embeddable":true,"href":"https:\/\/www.caririemacao.com\/1\/wp-json\/wp\/v2\/comments?post=95033"}],"version-history":[{"count":1,"href":"https:\/\/www.caririemacao.com\/1\/wp-json\/wp\/v2\/posts\/95033\/revisions"}],"predecessor-version":[{"id":95035,"href":"https:\/\/www.caririemacao.com\/1\/wp-json\/wp\/v2\/posts\/95033\/revisions\/95035"}],"wp:featuredmedia":[{"embeddable":true,"href":"https:\/\/www.caririemacao.com\/1\/wp-json\/wp\/v2\/media\/95034"}],"wp:attachment":[{"href":"https:\/\/www.caririemacao.com\/1\/wp-json\/wp\/v2\/media?parent=95033"}],"wp:term":[{"taxonomy":"category","embeddable":true,"href":"https:\/\/www.caririemacao.com\/1\/wp-json\/wp\/v2\/categories?post=95033"},{"taxonomy":"post_tag","embeddable":true,"href":"https:\/\/www.caririemacao.com\/1\/wp-json\/wp\/v2\/tags?post=95033"}],"curies":[{"name":"wp","href":"https:\/\/api.w.org\/{rel}","templated":true}]}}